{"id":288530,"date":"2022-09-27T21:33:50","date_gmt":"2022-09-27T19:33:50","guid":{"rendered":"https:\/\/zjarr.tv\/?p=288530"},"modified":"2022-09-27T21:33:50","modified_gmt":"2022-09-27T19:33:50","slug":"referendumet-per-aneksimin-e-4-rajoneve-nga-rusia-stoltenberg-skane-legjimitet-territoret-i-perkasin-ukraines","status":"publish","type":"post","link":"https:\/\/zjarr.tv\/en\/referendumet-per-aneksimin-e-4-rajoneve-nga-rusia-stoltenberg-skane-legjimitet-territoret-i-perkasin-ukraines\/","title":{"rendered":"Referendumet p\u00ebr aneksimin e 4 rajoneve nga Rusia\/ Stoltenberg: S\u2019kan\u00eb legjimitet, territoret i p\u00ebrkasin Ukrain\u00ebs"},"content":{"rendered":"<p> Sekretari i P\u00ebrgjithsh\u00ebm i NATO-s, Jens Stoltenberg, ka zhvilluar nj\u00eb bised\u00eb me Presidentin e Ukrain\u00ebs, Volodymyr Zelensky, pas zhvillimeve t\u00eb fundit ku Rusia k\u00ebrkon aneksimin e 4 rajoneve p\u00ebrmes referendumit.<\/p>\n<p> Ai thot\u00eb se k\u00ebto referendume nuk kan\u00eb legjitimitet dhe jan\u00eb n\u00eb shkelje t\u00eb hapur t\u00eb ligjit nd\u00ebrkomb\u00ebtar. Sipas tij, k\u00ebto territore t\u00eb pretenduara jan\u00eb vet\u00ebm t\u00eb Ukrain\u00ebs.<\/p>\n<p>\u201cSapo fola me Presidentin Volodymyr Zelenskyn dhe qart\u00ebsuam se Aleat\u00ebt e NATO-s, jan\u00eb t\u00eb pal\u00ebkundur n\u00eb mb\u00ebshtetjen e tyre p\u00ebr sovranitetin e Ukrain\u00ebs dhe t\u00eb drejt\u00ebn e tyre p\u00ebr t\u2019u mbrojtur. Referendumet e rreme q\u00eb po zhvillohen nga Rusia, nuk kan\u00eb legjitimitet dhe jan\u00eb n\u00eb shkelje t\u00eb hapur t\u00eb ligjit nd\u00ebrkomb\u00ebtar. K\u00ebto territore jan\u00eb t\u00eb Ukrain\u00ebs\u201d, shkruan Stoltenberg n\u00eb Twitter.<\/p>","protected":false},"excerpt":{"rendered":"<p>Sekretari i P\u00ebrgjithsh\u00ebm i NATO-s, Jens Stoltenberg, ka zhvilluar nj\u00eb bised\u00eb me Presidentin e Ukrain\u00ebs, Volodymyr Zelensky, pas zhvillimeve t\u00eb fundit ku Rusia k\u00ebrkon aneksimin e 4 rajoneve p\u00ebrmes referendumit. Ai thot\u00eb se k\u00ebto referendume nuk kan\u00eb legjitimitet dhe jan\u00eb n\u00eb shkelje t\u00eb hapur t\u00eb ligjit nd\u00ebrkomb\u00ebtar. Sipas tij, k\u00ebto territore t\u00eb pretenduara jan\u00eb vet\u00ebm [&hellip;]<\/p>\n","protected":false},"author":2031,"featured_media":288531,"comment_status":"closed","ping_status":"closed","sticky":false,"template":"","format":"standard","meta":{"footnotes":""},"categories":[241,231],"tags":[],"class_list":{"0":"post-288530","1":"post","2":"type-post","3":"status-publish","4":"format-standard","5":"has-post-thumbnail","7":"category-aktualitet","8":"category-lajme"},"_links":{"self":[{"href":"https:\/\/zjarr.tv\/en\/wp-json\/wp\/v2\/posts\/288530","targetHints":{"allow":["GET"]}}],"collection":[{"href":"https:\/\/zjarr.tv\/en\/wp-json\/wp\/v2\/posts"}],"about":[{"href":"https:\/\/zjarr.tv\/en\/wp-json\/wp\/v2\/types\/post"}],"author":[{"embeddable":true,"href":"https:\/\/zjarr.tv\/en\/wp-json\/wp\/v2\/users\/2031"}],"replies":[{"embeddable":true,"href":"https:\/\/zjarr.tv\/en\/wp-json\/wp\/v2\/comments?post=288530"}],"version-history":[{"count":0,"href":"https:\/\/zjarr.tv\/en\/wp-json\/wp\/v2\/posts\/288530\/revisions"}],"wp:featuredmedia":[{"embeddable":true,"href":"https:\/\/zjarr.tv\/en\/wp-json\/wp\/v2\/media\/288531"}],"wp:attachment":[{"href":"https:\/\/zjarr.tv\/en\/wp-json\/wp\/v2\/media?parent=288530"}],"wp:term":[{"taxonomy":"category","embeddable":true,"href":"https:\/\/zjarr.tv\/en\/wp-json\/wp\/v2\/categories?post=288530"},{"taxonomy":"post_tag","embeddable":true,"href":"https:\/\/zjarr.tv\/en\/wp-json\/wp\/v2\/tags?post=288530"}],"curies":[{"name":"wp","href":"https:\/\/api.w.org\/{rel}","templated":true}]}}