{"id":288551,"date":"2022-09-27T21:56:49","date_gmt":"2022-09-27T19:56:49","guid":{"rendered":"https:\/\/zjarr.tv\/?p=288551"},"modified":"2022-09-27T21:56:49","modified_gmt":"2022-09-27T19:56:49","slug":"cunat-e-kukesit-i-pergjigjen-rames-me-mire-rrezikojme-te-shkojme-ne-angli-me-gomone","status":"publish","type":"post","link":"https:\/\/zjarr.tv\/en\/cunat-e-kukesit-i-pergjigjen-rames-me-mire-rrezikojme-te-shkojme-ne-angli-me-gomone\/","title":{"rendered":"\u00c7unat e Kuk\u00ebsit i p\u00ebrgjigjen Ram\u00ebs: M\u00eb mir\u00eb rrezikojm\u00eb t\u00eb shkojm\u00eb n\u00eb Angli me gomone"},"content":{"rendered":"<p>Kryeministri Edi Rama iu sugjeroi t\u00eb rinjve kuksian\u00eb q\u00eb t\u00eb mos largohen drejt Anglis\u00eb por t\u00eb punojn\u00eb n\u00eb agroturiz\u00ebm n\u00eb vendin e tyre.<\/p>\n<p>Emisioni \u2018Sot\u2019 ishte n\u00eb Kuk\u00ebs, ku disa t\u00eb rinj iu p\u00ebrgjigj\u00ebn kryeministrit duke i k\u00ebrkuar q\u00eb t\u00eb krijoj\u00eb kushtet minimale n\u00eb m\u00ebnyr\u00eb .q\u00eb t\u00eb rinjt\u00eb t\u00eb mos largohen nga vendi, duke nisur nga ulja e \u00e7mimeve tek hapja e vendeve t\u00eb pun\u00ebs.<\/p>\n<p>Nj\u00eb i ri tha se po planifikon t\u00eb largohet pasi rroga prej 300 mij\u00eb lek\u00eb t\u00eb vjetra q\u00eb merr nuk i del as p\u00ebr nevojat baz\u00eb. Ai u shpreh se i duket e pavler\u00eb t\u00eb investohet n\u00eb vend, ku si\u00e7 tha nuk ka njer\u00ebz dhe \u00e7mimet jan\u00eb shum\u00eb t\u00eb larta.<\/p>\n<p>\u201cM\u00eb e rrezikshme \u00ebsht\u00eb jetesa q\u00eb po b\u00ebjm\u00eb k\u00ebtu se sa t\u00eb ikim me gomone n\u00eb Angli\u201d, tha nj\u00ebri prej tyre.<\/p>\n<p>N\u00eb konferenc\u00ebn e bilancit t\u00eb sezonit turistik veror, numri nj\u00eb i qeveris\u00eb, edhe pse u kritikua p\u00ebr deklarat\u00ebn e tij pak dit\u00eb m\u00eb par\u00eb, theksoi s\u00ebrish se kuksian\u00ebt me 30 mij\u00eb paund\u00ebt q\u00eb japin p\u00ebr t\u00eb shkuar n\u00eb Angli mund t\u00eb b\u00ebjn\u00eb ekonomin\u00eb e tyre n\u00eb Kuk\u00ebs.<\/p>\n<p>\u201cInvestimet q\u00eb po b\u00ebhen jan\u00eb t\u00eb nj\u00eb proporcioni q\u00eb e mund\u00ebson rritjen e qarkullimit n\u00eb turiz\u00ebm. Aeroporti i Vlor\u00ebs po ec\u00ebn me ritme shum\u00eb t\u00eb mira dhe \u00ebsht\u00eb i garantuar me Aeroportin e Mynihut, q\u00eb do t\u00eb jet\u00eb operator i Aeroportit t\u00eb Vlor\u00ebs.<\/p>","protected":false},"excerpt":{"rendered":"<p>Kryeministri Edi Rama iu sugjeroi t\u00eb rinjve kuksian\u00eb q\u00eb t\u00eb mos largohen drejt Anglis\u00eb por t\u00eb punojn\u00eb n\u00eb agroturiz\u00ebm n\u00eb vendin e tyre. Emisioni \u2018Sot\u2019 ishte n\u00eb Kuk\u00ebs, ku disa t\u00eb rinj iu p\u00ebrgjigj\u00ebn kryeministrit duke i k\u00ebrkuar q\u00eb t\u00eb krijoj\u00eb kushtet minimale n\u00eb m\u00ebnyr\u00eb .q\u00eb t\u00eb rinjt\u00eb t\u00eb mos largohen nga vendi, duke nisur [&hellip;]<\/p>\n","protected":false},"author":2031,"featured_media":288552,"comment_status":"closed","ping_status":"closed","sticky":false,"template":"","format":"standard","meta":{"footnotes":""},"categories":[241,231,235],"tags":[],"class_list":{"0":"post-288551","1":"post","2":"type-post","3":"status-publish","4":"format-standard","5":"has-post-thumbnail","7":"category-aktualitet","8":"category-lajme","9":"category-vendi"},"_links":{"self":[{"href":"https:\/\/zjarr.tv\/en\/wp-json\/wp\/v2\/posts\/288551","targetHints":{"allow":["GET"]}}],"collection":[{"href":"https:\/\/zjarr.tv\/en\/wp-json\/wp\/v2\/posts"}],"about":[{"href":"https:\/\/zjarr.tv\/en\/wp-json\/wp\/v2\/types\/post"}],"author":[{"embeddable":true,"href":"https:\/\/zjarr.tv\/en\/wp-json\/wp\/v2\/users\/2031"}],"replies":[{"embeddable":true,"href":"https:\/\/zjarr.tv\/en\/wp-json\/wp\/v2\/comments?post=288551"}],"version-history":[{"count":0,"href":"https:\/\/zjarr.tv\/en\/wp-json\/wp\/v2\/posts\/288551\/revisions"}],"wp:featuredmedia":[{"embeddable":true,"href":"https:\/\/zjarr.tv\/en\/wp-json\/wp\/v2\/media\/288552"}],"wp:attachment":[{"href":"https:\/\/zjarr.tv\/en\/wp-json\/wp\/v2\/media?parent=288551"}],"wp:term":[{"taxonomy":"category","embeddable":true,"href":"https:\/\/zjarr.tv\/en\/wp-json\/wp\/v2\/categories?post=288551"},{"taxonomy":"post_tag","embeddable":true,"href":"https:\/\/zjarr.tv\/en\/wp-json\/wp\/v2\/tags?post=288551"}],"curies":[{"name":"wp","href":"https:\/\/api.w.org\/{rel}","templated":true}]}}