{"id":290176,"date":"2022-10-03T16:10:02","date_gmt":"2022-10-03T14:10:02","guid":{"rendered":"https:\/\/zjarr.tv\/?p=290176"},"modified":"2022-10-03T16:10:02","modified_gmt":"2022-10-03T14:10:02","slug":"rama-ne-golem-u-shperndan-221-familjeve-te-prekura-nga-termeti-celsat-e-apartamenteve-askush-si-ne-te-paret-qe-japim-banesat-falas","status":"publish","type":"post","link":"https:\/\/zjarr.tv\/en\/rama-ne-golem-u-shperndan-221-familjeve-te-prekura-nga-termeti-celsat-e-apartamenteve-askush-si-ne-te-paret-qe-japim-banesat-falas\/","title":{"rendered":"Rama n\u00eb Golem, u shp\u00ebrndan 221 familjeve t\u00eb prekura nga t\u00ebrmeti \u00e7elsat e apartamenteve: Askush si ne, t\u00eb par\u00ebt q\u00eb japim banesat falas"},"content":{"rendered":"<p>Kryeministri Edi Rama, dit\u00ebn e sotme ndodhet n\u00eb Golem ku dhe po i dor\u00ebzon 221 familjeve \u00e7elsat e apartamenteve t\u00eb rind\u00ebrtuar pas t\u00ebrmetit t\u00eb 26 n\u00ebntorit t\u00eb 2019-\u00ebs.<\/p>\n<p>Gjat\u00eb fjal\u00ebs s\u00eb tij kryeministri theksoi se duke marr\u00eb parasysh gjendjen ekonomike t\u00eb k\u00ebtyre familjeve t\u00eb prekura qeveria vendosi q\u00eb ti jap\u00eb atyre banesat falas duke mos pasur n\u00eb vijim asnj\u00eb detyrim ndaj shtetit.<\/p>\n<p>Rama theksoi se Shqip\u00ebria \u00ebsht\u00eb vendi i par\u00eb i cili aplikon k\u00ebt\u00eb program rind\u00ebrtimi, ku familjet b\u00ebhen pronar\u00eb t\u00eb banesave pa asnj\u00eb detyrimi ndaj shtetit.<\/p>\n<p><em>\u201cJan\u00eb shum\u00eb m\u00eb t\u00eb mira dhe t\u00eb bukura nga ato q\u00eb humb\u00ebm. T\u00eb cilat p\u00ebrndryshe nga sa kemi par\u00eb struktur\u00ebn sociale e kishin t\u00eb pamundur ti merrnin dhe do t\u00eb jen\u00eb pron\u00eb, pasuri e patundshme e k\u00ebtyre familjeve pa asnj\u00eb detyrim ndaj shtetit.<\/em><\/p>\n<p><em>Ne kemi par\u00eb shum\u00eb programe rind\u00ebrtimi t\u00eb vendeve t\u00eb tjera pas t\u00ebrrmeteve dhe nuk ka asnj\u00eb program ky \u00ebsht\u00eb i vetmi n\u00eb dijenin\u00eb ton\u00eb ku familjet q\u00eb humbasin sht\u00ebpit\u00eb u jepen shpi jo me kredi, qoft\u00eb dhe me kredi t\u00eb but\u00eb, por falas 100% dhe natyrisht se ne e b\u00ebjm\u00eb k\u00ebt\u00eb se e dim\u00eb shum\u00eb mir\u00eb se nuk jan\u00eb koh\u00ebrat m\u00eb t\u00eb mira p\u00ebr t\u00eb gjith\u00eb bot\u00ebn, veccan\u00ebrisht p\u00ebr Europ\u00ebn dhe nuk \u00ebsht\u00eb e drejt\u00eb q\u00eb p\u00ebr k\u00ebto familje q\u00eb hyn\u00eb te familjet me pak t\u00eb ardhura tu vendosim qoft\u00eb plus 1 qindark\u00eb barr\u00eb.<\/em><\/p>\n<p><em>Mund ta shisni mund ta b\u00ebni me qera\u00a0 nj\u00ebsoj si t\u00eb gjith\u00eb t\u00eb tjer\u00ebt\u201d<\/em>, tha Rama.<\/p>","protected":false},"excerpt":{"rendered":"<p>Kryeministri Edi Rama, dit\u00ebn e sotme ndodhet n\u00eb Golem ku dhe po i dor\u00ebzon 221 familjeve \u00e7elsat e apartamenteve t\u00eb rind\u00ebrtuar pas t\u00ebrmetit t\u00eb 26 n\u00ebntorit t\u00eb 2019-\u00ebs. Gjat\u00eb fjal\u00ebs s\u00eb tij kryeministri theksoi se duke marr\u00eb parasysh gjendjen ekonomike t\u00eb k\u00ebtyre familjeve t\u00eb prekura qeveria vendosi q\u00eb ti jap\u00eb atyre banesat falas duke mos [&hellip;]<\/p>\n","protected":false},"author":2037,"featured_media":290177,"comment_status":"closed","ping_status":"closed","sticky":false,"template":"","format":"standard","meta":{"footnotes":""},"categories":[241,364,231,1454,235],"tags":[],"class_list":{"0":"post-290176","1":"post","2":"type-post","3":"status-publish","4":"format-standard","5":"has-post-thumbnail","7":"category-aktualitet","8":"category-koment-opinion","9":"category-lajme","10":"category-politike","11":"category-vendi"},"_links":{"self":[{"href":"https:\/\/zjarr.tv\/en\/wp-json\/wp\/v2\/posts\/290176","targetHints":{"allow":["GET"]}}],"collection":[{"href":"https:\/\/zjarr.tv\/en\/wp-json\/wp\/v2\/posts"}],"about":[{"href":"https:\/\/zjarr.tv\/en\/wp-json\/wp\/v2\/types\/post"}],"author":[{"embeddable":true,"href":"https:\/\/zjarr.tv\/en\/wp-json\/wp\/v2\/users\/2037"}],"replies":[{"embeddable":true,"href":"https:\/\/zjarr.tv\/en\/wp-json\/wp\/v2\/comments?post=290176"}],"version-history":[{"count":0,"href":"https:\/\/zjarr.tv\/en\/wp-json\/wp\/v2\/posts\/290176\/revisions"}],"wp:featuredmedia":[{"embeddable":true,"href":"https:\/\/zjarr.tv\/en\/wp-json\/wp\/v2\/media\/290177"}],"wp:attachment":[{"href":"https:\/\/zjarr.tv\/en\/wp-json\/wp\/v2\/media?parent=290176"}],"wp:term":[{"taxonomy":"category","embeddable":true,"href":"https:\/\/zjarr.tv\/en\/wp-json\/wp\/v2\/categories?post=290176"},{"taxonomy":"post_tag","embeddable":true,"href":"https:\/\/zjarr.tv\/en\/wp-json\/wp\/v2\/tags?post=290176"}],"curies":[{"name":"wp","href":"https:\/\/api.w.org\/{rel}","templated":true}]}}