{"id":290184,"date":"2022-10-03T16:31:44","date_gmt":"2022-10-03T14:31:44","guid":{"rendered":"https:\/\/zjarr.tv\/?p=290184"},"modified":"2022-10-03T16:31:44","modified_gmt":"2022-10-03T14:31:44","slug":"komisioni-i-reformes-zgjedhore-miraton-kalendarin-e-punes-gjiknuri-gjithcka-varet-nga-komisioni-i-reformes-territoriale","status":"publish","type":"post","link":"https:\/\/zjarr.tv\/en\/komisioni-i-reformes-zgjedhore-miraton-kalendarin-e-punes-gjiknuri-gjithcka-varet-nga-komisioni-i-reformes-territoriale\/","title":{"rendered":"Komisioni i Reform\u00ebs Zgjedhore miraton kalendarin e pun\u00ebs, Gjiknuri: Gjith\u00e7ka varet nga komisioni i Reform\u00ebs territoriale"},"content":{"rendered":"<p>Komisioni i Reform\u00ebs Zgjedhore ka miratuar sot kalendarin e pun\u00ebs, nd\u00ebrkoh\u00eb q\u00eb gjat\u00eb takimit \u00ebsht\u00eb diskutuar n\u00eb lidhje me sistemin n\u00eb zgjedhjet lokale.<\/p>\n<p>Damian Gjiknuri, ka deklaruar se gjith\u00e7ka varet nga komisioni i Reform\u00ebs territoriale.<\/p>\n<p>Nd\u00ebrkoh\u00eb bashk\u00ebkryetari Enkelejd Alibeaj, si p\u00ebrfaq\u00ebsues i opozit\u00ebs, ka deklaruar se ekziston hap\u00ebsira p\u00ebr diskutimin e \u00e7\u00ebshtjeve t\u00eb lidhura me sistemin n\u00eb pushtetin lokal.<\/p>","protected":false},"excerpt":{"rendered":"<p>Komisioni i Reform\u00ebs Zgjedhore ka miratuar sot kalendarin e pun\u00ebs, nd\u00ebrkoh\u00eb q\u00eb gjat\u00eb takimit \u00ebsht\u00eb diskutuar n\u00eb lidhje me sistemin n\u00eb zgjedhjet lokale. Damian Gjiknuri, ka deklaruar se gjith\u00e7ka varet nga komisioni i Reform\u00ebs territoriale. Nd\u00ebrkoh\u00eb bashk\u00ebkryetari Enkelejd Alibeaj, si p\u00ebrfaq\u00ebsues i opozit\u00ebs, ka deklaruar se ekziston hap\u00ebsira p\u00ebr diskutimin e \u00e7\u00ebshtjeve t\u00eb lidhura me [&hellip;]<\/p>\n","protected":false},"author":2037,"featured_media":290185,"comment_status":"closed","ping_status":"closed","sticky":false,"template":"","format":"standard","meta":{"footnotes":""},"categories":[241,364,231,1454,235],"tags":[],"class_list":{"0":"post-290184","1":"post","2":"type-post","3":"status-publish","4":"format-standard","5":"has-post-thumbnail","7":"category-aktualitet","8":"category-koment-opinion","9":"category-lajme","10":"category-politike","11":"category-vendi"},"_links":{"self":[{"href":"https:\/\/zjarr.tv\/en\/wp-json\/wp\/v2\/posts\/290184","targetHints":{"allow":["GET"]}}],"collection":[{"href":"https:\/\/zjarr.tv\/en\/wp-json\/wp\/v2\/posts"}],"about":[{"href":"https:\/\/zjarr.tv\/en\/wp-json\/wp\/v2\/types\/post"}],"author":[{"embeddable":true,"href":"https:\/\/zjarr.tv\/en\/wp-json\/wp\/v2\/users\/2037"}],"replies":[{"embeddable":true,"href":"https:\/\/zjarr.tv\/en\/wp-json\/wp\/v2\/comments?post=290184"}],"version-history":[{"count":0,"href":"https:\/\/zjarr.tv\/en\/wp-json\/wp\/v2\/posts\/290184\/revisions"}],"wp:featuredmedia":[{"embeddable":true,"href":"https:\/\/zjarr.tv\/en\/wp-json\/wp\/v2\/media\/290185"}],"wp:attachment":[{"href":"https:\/\/zjarr.tv\/en\/wp-json\/wp\/v2\/media?parent=290184"}],"wp:term":[{"taxonomy":"category","embeddable":true,"href":"https:\/\/zjarr.tv\/en\/wp-json\/wp\/v2\/categories?post=290184"},{"taxonomy":"post_tag","embeddable":true,"href":"https:\/\/zjarr.tv\/en\/wp-json\/wp\/v2\/tags?post=290184"}],"curies":[{"name":"wp","href":"https:\/\/api.w.org\/{rel}","templated":true}]}}