{"id":291430,"date":"2022-10-08T21:48:07","date_gmt":"2022-10-08T19:48:07","guid":{"rendered":"https:\/\/zjarr.tv\/?p=291430"},"modified":"2022-10-08T21:48:07","modified_gmt":"2022-10-08T19:48:07","slug":"rama-takon-ne-bergamo-zyshen-e-shkolles-ismail-qemali-ska-lene-fjale","status":"publish","type":"post","link":"https:\/\/zjarr.tv\/en\/rama-takon-ne-bergamo-zyshen-e-shkolles-ismail-qemali-ska-lene-fjale\/","title":{"rendered":"Rama takon n\u00eb Bergamo zysh\u00ebn e shkoll\u00ebs \u201cIsmail Qemali\u201d: S\u2019ka l\u00ebn\u00eb fjal\u00eb"},"content":{"rendered":"<p>Kryeministri Edi Rama ndodhet n\u00eb Bergamo t\u00eb Italis\u00eb, ku ka takuar edhe zysh\u00ebn e shkoll\u00ebs \u201cIsmail Qemali\u201d.<\/p>\n<p>Ata shihen t\u00eb buz\u00ebqeshur, teksa Rama thot\u00eb se zysha nuk lan\u00eb fjal\u00eb t\u00eb mir\u00eb pa i th\u00ebn\u00eb kryetares s\u00eb bashkis\u00eb p\u00ebr vajzat e djemt\u00eb e shkoll\u00ebs \u201cIsmail Qemali\u201d.<\/p>\n<p>\u201cMe zysh\u00ebn e \u201cIsmail Qemalit\u201d italiane k\u00ebtu n\u00eb Bergamo n\u00eb bashki pasi me kryetaren e bashkis\u00eb nuk ka l\u00ebn\u00eb fjal\u00eb t\u00eb mir\u00eb pa th\u00ebn\u00eb p\u00ebr \u00e7unat e gocat e Ismail Qemalit\u201d d\u00ebgjohet t\u00eb thot\u00eb Rama n\u00eb video.<\/p>","protected":false},"excerpt":{"rendered":"<p>Kryeministri Edi Rama ndodhet n\u00eb Bergamo t\u00eb Italis\u00eb, ku ka takuar edhe zysh\u00ebn e shkoll\u00ebs \u201cIsmail Qemali\u201d. Ata shihen t\u00eb buz\u00ebqeshur, teksa Rama thot\u00eb se zysha nuk lan\u00eb fjal\u00eb t\u00eb mir\u00eb pa i th\u00ebn\u00eb kryetares s\u00eb bashkis\u00eb p\u00ebr vajzat e djemt\u00eb e shkoll\u00ebs \u201cIsmail Qemali\u201d. \u201cMe zysh\u00ebn e \u201cIsmail Qemalit\u201d italiane k\u00ebtu n\u00eb Bergamo n\u00eb [&hellip;]<\/p>\n","protected":false},"author":2031,"featured_media":291431,"comment_status":"closed","ping_status":"closed","sticky":false,"template":"","format":"standard","meta":{"footnotes":""},"categories":[241,231],"tags":[],"class_list":{"0":"post-291430","1":"post","2":"type-post","3":"status-publish","4":"format-standard","5":"has-post-thumbnail","7":"category-aktualitet","8":"category-lajme"},"_links":{"self":[{"href":"https:\/\/zjarr.tv\/en\/wp-json\/wp\/v2\/posts\/291430","targetHints":{"allow":["GET"]}}],"collection":[{"href":"https:\/\/zjarr.tv\/en\/wp-json\/wp\/v2\/posts"}],"about":[{"href":"https:\/\/zjarr.tv\/en\/wp-json\/wp\/v2\/types\/post"}],"author":[{"embeddable":true,"href":"https:\/\/zjarr.tv\/en\/wp-json\/wp\/v2\/users\/2031"}],"replies":[{"embeddable":true,"href":"https:\/\/zjarr.tv\/en\/wp-json\/wp\/v2\/comments?post=291430"}],"version-history":[{"count":0,"href":"https:\/\/zjarr.tv\/en\/wp-json\/wp\/v2\/posts\/291430\/revisions"}],"wp:featuredmedia":[{"embeddable":true,"href":"https:\/\/zjarr.tv\/en\/wp-json\/wp\/v2\/media\/291431"}],"wp:attachment":[{"href":"https:\/\/zjarr.tv\/en\/wp-json\/wp\/v2\/media?parent=291430"}],"wp:term":[{"taxonomy":"category","embeddable":true,"href":"https:\/\/zjarr.tv\/en\/wp-json\/wp\/v2\/categories?post=291430"},{"taxonomy":"post_tag","embeddable":true,"href":"https:\/\/zjarr.tv\/en\/wp-json\/wp\/v2\/tags?post=291430"}],"curies":[{"name":"wp","href":"https:\/\/api.w.org\/{rel}","templated":true}]}}