{"id":294323,"date":"2022-10-20T20:44:29","date_gmt":"2022-10-20T18:44:29","guid":{"rendered":"https:\/\/zjarr.tv\/?p=294323"},"modified":"2022-10-20T20:44:29","modified_gmt":"2022-10-20T18:44:29","slug":"hapja-e-dosjeve-alibeaj-nuk-behet-per-te-pare-kush-kane-qene-bashkepunetoret-e-sigurimit-por-per-ata-qe-vdekjen-e-njerezve-e-kane-pasur-buke-te-perditshme","status":"publish","type":"post","link":"https:\/\/zjarr.tv\/en\/hapja-e-dosjeve-alibeaj-nuk-behet-per-te-pare-kush-kane-qene-bashkepunetoret-e-sigurimit-por-per-ata-qe-vdekjen-e-njerezve-e-kane-pasur-buke-te-perditshme\/","title":{"rendered":"Hapja e dosjeve\/ Alibeaj: Nuk b\u00ebhet p\u00ebr t\u00eb par\u00eb kush kan\u00eb qen\u00eb bashk\u00ebpun\u00ebtor\u00ebt e sigurimit, por p\u00ebr ata q\u00eb vdekjen e njer\u00ebzve e kan\u00eb pasur buk\u00eb t\u00eb p\u00ebrditshme"},"content":{"rendered":"<p>Enkelejd Alibeaj nga foltorja e Kuvendit foli p\u00ebr hapjen e dosjeve, q\u00eb sipas tij nuk b\u00ebhet p\u00ebr t\u00eb par\u00eb kush kan\u00eb qen\u00eb bashk\u00ebpun\u00ebtor\u00ebt e sigurimit, por p\u00ebr ata q\u00eb vdekjen e njer\u00ebzve e kan\u00eb pasur buk\u00eb t\u00eb p\u00ebrditshme.<\/p>\n<p>Sipas Alibeajt, e gjith\u00eb klasa politike sot duhet t\u00eb jet\u00eb kokulur para t\u00eb burgosurve, atyre q\u00eb kan\u00eb vuajtur, por edhe atyre q\u00eb kan\u00eb humbur jet\u00ebn si pasoj\u00eb e regjimit komunist.<\/p>\n<p>\u201cAsgj\u00eb triumfaliste nuk ka n\u00eb diskutimin e k\u00ebsaj \u00e7\u00ebshtje. Nuk do b\u00ebj asnj\u00eb fal\u00ebnderim, madje un\u00eb vet\u00ebm jam kokulur n\u00eb arritjen n\u00ebse do t\u00eb arrihet hapja e dosjeve.<\/p>\n<p>Klasa politike sot duhet t\u00eb jet\u00eb kok\u00eb ulur 31 pas r\u00ebnies s\u00eb diktatur\u00ebs. Duhet t\u00eb jet\u00eb kok\u00eb ulur para t\u00eb burgosurve dhe atyre q\u00eb kan\u00eb vdekur n\u00eb burgjet e komunizmit.<\/p>\n<p>Secili prej nesh duhet \u00eb b\u00ebj\u00eb nj\u00eb gj\u00eb, t\u00eb hesht\u00eb dhe t\u00eb ul\u00eb kok\u00ebn. Hapje e plot\u00eb e dosjeve p\u00ebr k\u00ebdo dhe pa asnj\u00eb kusht nuk \u00ebsht\u00eb vet\u00ebm simbolizmi i ndarjes me diktatur\u00ebn, por edhe me tranzicionin.<\/p>\n<p>Historia \u00ebsht\u00eb ajo q\u00eb nes\u00ebr duhet t\u00eb na falenderoj\u00eb. Nuk b\u00ebhet vet\u00ebm hapja e dosjeve p\u00ebr t\u00eb par\u00eb kush kan\u00eb qen\u00eb bashk\u00ebpun\u00ebtor\u00ebt e sigurimit, por p\u00ebr t\u00eb par\u00eb kush kan\u00eb qen\u00eb pun\u00ebtor\u00ebt, prokuror\u00ebt, gjyqtar\u00ebt, ekspert\u00ebt dhe gardian\u00eb burgjesh q\u00eb vdekjen e njer\u00ebzve t\u00eb pafajsh\u00ebm e kan\u00eb pasur n\u00eb buk\u00ebn e tyre t\u00eb p\u00ebrditshme.<\/p>\n<p>Do t\u00eb duhet t\u00eb gjejm\u00eb kuraj\u00ebn p\u00ebr t\u00eb gjetur kush nuk \u00ebsht\u00eb i kapur dhe kush nuk ka skelete n\u00eb dollap. Vendi q\u00eb k\u00ebrkon t\u00eb hyj\u00eb n\u00eb BE duhet ta kishte b\u00ebr\u00eb m\u00eb par\u00eb.<\/p>\n<p>\u00cbsht\u00eb fillimi i nj\u00eb procesi purifikues t\u00eb k\u00ebsaj shoq\u00ebrie. Duhet t\u00eb kuptojm\u00eb se cilat jan\u00eb shkaqet e gjendjes q\u00eb jemi edhe sot.<\/p>\n<p>Na falni shqiptar\u00eb kudo, ju t\u00eb cil\u00ebt keni vuajtur dhe nuk gjeni eshtrat, ju qe keni hequr t\u00eb zit\u00eb e ullirit nga hetues dhe bashk\u00ebpun\u00ebtor\u00eb t\u00eb sigurimit\u201d, theksoi nd\u00ebr t\u00eb tjera Alibeaj.<\/p>","protected":false},"excerpt":{"rendered":"<p>Enkelejd Alibeaj nga foltorja e Kuvendit foli p\u00ebr hapjen e dosjeve, q\u00eb sipas tij nuk b\u00ebhet p\u00ebr t\u00eb par\u00eb kush kan\u00eb qen\u00eb bashk\u00ebpun\u00ebtor\u00ebt e sigurimit, por p\u00ebr ata q\u00eb vdekjen e njer\u00ebzve e kan\u00eb pasur buk\u00eb t\u00eb p\u00ebrditshme. Sipas Alibeajt, e gjith\u00eb klasa politike sot duhet t\u00eb jet\u00eb kokulur para t\u00eb burgosurve, atyre q\u00eb kan\u00eb [&hellip;]<\/p>\n","protected":false},"author":2031,"featured_media":211895,"comment_status":"closed","ping_status":"closed","sticky":false,"template":"","format":"standard","meta":{"footnotes":""},"categories":[241,231,235],"tags":[],"class_list":{"0":"post-294323","1":"post","2":"type-post","3":"status-publish","4":"format-standard","5":"has-post-thumbnail","7":"category-aktualitet","8":"category-lajme","9":"category-vendi"},"_links":{"self":[{"href":"https:\/\/zjarr.tv\/en\/wp-json\/wp\/v2\/posts\/294323","targetHints":{"allow":["GET"]}}],"collection":[{"href":"https:\/\/zjarr.tv\/en\/wp-json\/wp\/v2\/posts"}],"about":[{"href":"https:\/\/zjarr.tv\/en\/wp-json\/wp\/v2\/types\/post"}],"author":[{"embeddable":true,"href":"https:\/\/zjarr.tv\/en\/wp-json\/wp\/v2\/users\/2031"}],"replies":[{"embeddable":true,"href":"https:\/\/zjarr.tv\/en\/wp-json\/wp\/v2\/comments?post=294323"}],"version-history":[{"count":0,"href":"https:\/\/zjarr.tv\/en\/wp-json\/wp\/v2\/posts\/294323\/revisions"}],"wp:featuredmedia":[{"embeddable":true,"href":"https:\/\/zjarr.tv\/en\/wp-json\/wp\/v2\/media\/211895"}],"wp:attachment":[{"href":"https:\/\/zjarr.tv\/en\/wp-json\/wp\/v2\/media?parent=294323"}],"wp:term":[{"taxonomy":"category","embeddable":true,"href":"https:\/\/zjarr.tv\/en\/wp-json\/wp\/v2\/categories?post=294323"},{"taxonomy":"post_tag","embeddable":true,"href":"https:\/\/zjarr.tv\/en\/wp-json\/wp\/v2\/tags?post=294323"}],"curies":[{"name":"wp","href":"https:\/\/api.w.org\/{rel}","templated":true}]}}