{"id":294330,"date":"2022-10-20T21:09:48","date_gmt":"2022-10-20T19:09:48","guid":{"rendered":"https:\/\/zjarr.tv\/?p=294330"},"modified":"2022-10-20T21:09:48","modified_gmt":"2022-10-20T19:09:48","slug":"notere-e-vdekjeve-berisha-manastirliut-mos-me-fol-pas-shpine","status":"publish","type":"post","link":"https:\/\/zjarr.tv\/en\/notere-e-vdekjeve-berisha-manastirliut-mos-me-fol-pas-shpine\/","title":{"rendered":"\u2018Notere e vdekjeve\u2019, Berisha-Manastirliut: Mos m\u00eb fol pas shpine"},"content":{"rendered":"<p>Kryetari i Partis\u00eb Demokratike, Sali Berisha ka replikuar me ministren e Sh\u00ebndet\u00ebsis\u00eb, Ogerta Manastirliu teksa mbante fjal\u00ebn e tij n\u00eb foltoren e Kuvendit.<\/p>\n<p>Berisha po fliste p\u00ebr kriz\u00ebn ekonomike q\u00eb ka p\u00ebrfshir\u00eb vendin, nd\u00ebrkoh\u00eb Manastirliu nd\u00ebrhynte her\u00eb pas here, duke e irrituar ish-kryeministrin.<\/p>\n<p>Ky i fundit, i k\u00ebrkoi q\u00eb t\u00eb mos flas\u00eb pas shpin\u00ebs s\u00eb tij.<\/p>\n<p>\u201cNotere e vdekjeve masive t\u00eb shqiptar\u00ebve. Mos m\u00eb fol pas shpine. At\u00eb q\u00eb i ke b\u00ebr\u00eb ti kombit me Covidin, ti qofsh\u201d, theksoi Berisha.<\/p>","protected":false},"excerpt":{"rendered":"<p>Kryetari i Partis\u00eb Demokratike, Sali Berisha ka replikuar me ministren e Sh\u00ebndet\u00ebsis\u00eb, Ogerta Manastirliu teksa mbante fjal\u00ebn e tij n\u00eb foltoren e Kuvendit. Berisha po fliste p\u00ebr kriz\u00ebn ekonomike q\u00eb ka p\u00ebrfshir\u00eb vendin, nd\u00ebrkoh\u00eb Manastirliu nd\u00ebrhynte her\u00eb pas here, duke e irrituar ish-kryeministrin. Ky i fundit, i k\u00ebrkoi q\u00eb t\u00eb mos flas\u00eb pas shpin\u00ebs s\u00eb [&hellip;]<\/p>\n","protected":false},"author":2031,"featured_media":294014,"comment_status":"closed","ping_status":"closed","sticky":false,"template":"","format":"standard","meta":{"footnotes":""},"categories":[241,231,235],"tags":[],"class_list":{"0":"post-294330","1":"post","2":"type-post","3":"status-publish","4":"format-standard","5":"has-post-thumbnail","7":"category-aktualitet","8":"category-lajme","9":"category-vendi"},"_links":{"self":[{"href":"https:\/\/zjarr.tv\/en\/wp-json\/wp\/v2\/posts\/294330","targetHints":{"allow":["GET"]}}],"collection":[{"href":"https:\/\/zjarr.tv\/en\/wp-json\/wp\/v2\/posts"}],"about":[{"href":"https:\/\/zjarr.tv\/en\/wp-json\/wp\/v2\/types\/post"}],"author":[{"embeddable":true,"href":"https:\/\/zjarr.tv\/en\/wp-json\/wp\/v2\/users\/2031"}],"replies":[{"embeddable":true,"href":"https:\/\/zjarr.tv\/en\/wp-json\/wp\/v2\/comments?post=294330"}],"version-history":[{"count":0,"href":"https:\/\/zjarr.tv\/en\/wp-json\/wp\/v2\/posts\/294330\/revisions"}],"wp:featuredmedia":[{"embeddable":true,"href":"https:\/\/zjarr.tv\/en\/wp-json\/wp\/v2\/media\/294014"}],"wp:attachment":[{"href":"https:\/\/zjarr.tv\/en\/wp-json\/wp\/v2\/media?parent=294330"}],"wp:term":[{"taxonomy":"category","embeddable":true,"href":"https:\/\/zjarr.tv\/en\/wp-json\/wp\/v2\/categories?post=294330"},{"taxonomy":"post_tag","embeddable":true,"href":"https:\/\/zjarr.tv\/en\/wp-json\/wp\/v2\/tags?post=294330"}],"curies":[{"name":"wp","href":"https:\/\/api.w.org\/{rel}","templated":true}]}}