{"id":298261,"date":"2022-11-10T13:43:59","date_gmt":"2022-11-10T12:43:59","guid":{"rendered":"https:\/\/zjarr.tv\/?p=298261"},"modified":"2022-11-10T13:43:59","modified_gmt":"2022-11-10T12:43:59","slug":"eja-te-shtunen-te-pres-ne-shesh-rudina-hajdari-mesazh-shqiptareve-te-protestojme-qe-te-na-kthehen-pasurite-e-vendit-tone","status":"publish","type":"post","link":"https:\/\/zjarr.tv\/en\/eja-te-shtunen-te-pres-ne-shesh-rudina-hajdari-mesazh-shqiptareve-te-protestojme-qe-te-na-kthehen-pasurite-e-vendit-tone\/","title":{"rendered":"\u201cEja, t\u00eb shtun\u00ebn t\u00eb pres n\u00eb shesh\u201d! Rudina Hajdari mesazh shqiptar\u00ebve: T\u00eb protestojm\u00eb q\u00eb t\u00eb na kthehen pasurit\u00eb e vendit ton\u00eb"},"content":{"rendered":"<p>Ish-deputetja Rudina Hajdari p\u00ebrmes nj\u00eb video-mesazhi ka b\u00ebr\u00eb thirrje qytetar\u00ebve q\u00eb t\u00eb marrin pjes\u00eb n\u00eb prostes\u00ebtn e s\u00eb shtun\u00ebs, e cila \u00ebsht\u00eb iniciuar nga opozita.<\/p>\n<p>Ajo thot\u00eb se grusht i vog\u00ebl njer\u00ebzish kan\u00eb kapur vendin prej fyti, duke i marr\u00eb gjith\u00e7ka, nga fondet publike tek pasutit\u00eb natyrore, ndaj sipas saj \u00a0t\u00eb gjith\u00eb bashk\u00eb duhet t\u00eb ngrihen q\u00eb vendi t\u2019u kthehet qytetar\u00ebve t\u00eb vet.<\/p>\n<p><em>\u201cNj\u00eb grusht i vog\u00ebl njer\u00ebzish kan\u00eb kapur vendin prej fyti dhe ikan\u00eb marr\u00eb gjith\u00e7ka, nga fondet publike tek pasutit\u00eb natyrore. Kjo \u00ebsht\u00eb arsyeja se p\u00ebrse Shqiip\u00ebria nuk po ec\u00ebn p\u00ebrpara. Ama n\u00ebse ne t\u00eb gjith\u00eb bashk\u00eb k\u00ebrkojm\u00eb me forc\u00eb q\u00eb vendi t\u00eb na kthehet ne n\u00eb pron\u00ebsi, qytetar\u00ebve t\u00eb vet.<\/em><\/p>\n<p><em>Ne do ia dalim q\u00eb ta \u00e7lirojm\u00eb dhe ta shp\u00ebtojm\u00eb t\u00eb\u00a0 ardhmen ton\u00eb. Prandaj n\u00eb 12 n\u00ebntor iu ftoj q\u00eb t\u00eb dalim n\u00eb shesh n\u00eb or\u00ebn 16:00, do t\u00eb jemi dhjet\u00ebra e qindra e mij\u00ebra.\u00a0 \u00cbsht\u00eb e r\u00ebndsishme q\u00eb t\u00eb mos mungosh as ti q\u00eb m\u00eb d\u00ebgjon. Eja t\u00eb pres n\u00eb shesh, t\u00eb luftojm\u00eb s\u00eb bashku p\u00ebr familjet tona, p\u00ebr bizneset tona, p\u00ebr \u00ebndrrat tona. Ju mir\u00ebpres!\u201d,<\/em> thot\u00eb Rudina Hajdari.<\/p>\n<p>Linku i videos:<\/p>\n<p><a href=\"https:\/\/www.facebook.com\/watch\/?v=1150605605833042\">https:\/\/www.facebook.com\/watch\/?v=1150605605833042<\/a><\/p>","protected":false},"excerpt":{"rendered":"<p>Ish-deputetja Rudina Hajdari p\u00ebrmes nj\u00eb video-mesazhi ka b\u00ebr\u00eb thirrje qytetar\u00ebve q\u00eb t\u00eb marrin pjes\u00eb n\u00eb prostes\u00ebtn e s\u00eb shtun\u00ebs, e cila \u00ebsht\u00eb iniciuar nga opozita. Ajo thot\u00eb se grusht i vog\u00ebl njer\u00ebzish kan\u00eb kapur vendin prej fyti, duke i marr\u00eb gjith\u00e7ka, nga fondet publike tek pasutit\u00eb natyrore, ndaj sipas saj \u00a0t\u00eb gjith\u00eb bashk\u00eb duhet t\u00eb [&hellip;]<\/p>\n","protected":false},"author":2037,"featured_media":189984,"comment_status":"closed","ping_status":"closed","sticky":false,"template":"","format":"standard","meta":{"footnotes":""},"categories":[241,364,231,1454,235],"tags":[],"class_list":{"0":"post-298261","1":"post","2":"type-post","3":"status-publish","4":"format-standard","5":"has-post-thumbnail","7":"category-aktualitet","8":"category-koment-opinion","9":"category-lajme","10":"category-politike","11":"category-vendi"},"_links":{"self":[{"href":"https:\/\/zjarr.tv\/en\/wp-json\/wp\/v2\/posts\/298261","targetHints":{"allow":["GET"]}}],"collection":[{"href":"https:\/\/zjarr.tv\/en\/wp-json\/wp\/v2\/posts"}],"about":[{"href":"https:\/\/zjarr.tv\/en\/wp-json\/wp\/v2\/types\/post"}],"author":[{"embeddable":true,"href":"https:\/\/zjarr.tv\/en\/wp-json\/wp\/v2\/users\/2037"}],"replies":[{"embeddable":true,"href":"https:\/\/zjarr.tv\/en\/wp-json\/wp\/v2\/comments?post=298261"}],"version-history":[{"count":0,"href":"https:\/\/zjarr.tv\/en\/wp-json\/wp\/v2\/posts\/298261\/revisions"}],"wp:featuredmedia":[{"embeddable":true,"href":"https:\/\/zjarr.tv\/en\/wp-json\/wp\/v2\/media\/189984"}],"wp:attachment":[{"href":"https:\/\/zjarr.tv\/en\/wp-json\/wp\/v2\/media?parent=298261"}],"wp:term":[{"taxonomy":"category","embeddable":true,"href":"https:\/\/zjarr.tv\/en\/wp-json\/wp\/v2\/categories?post=298261"},{"taxonomy":"post_tag","embeddable":true,"href":"https:\/\/zjarr.tv\/en\/wp-json\/wp\/v2\/tags?post=298261"}],"curies":[{"name":"wp","href":"https:\/\/api.w.org\/{rel}","templated":true}]}}