{"id":305593,"date":"2022-12-15T22:44:09","date_gmt":"2022-12-15T21:44:09","guid":{"rendered":"https:\/\/zjarr.tv\/?p=305593"},"modified":"2022-12-15T22:44:09","modified_gmt":"2022-12-15T21:44:09","slug":"elvi-fundo-ahmetaj-po-goditet-per-te-shpetuar-koken-e-mertirin-i-cili-mund-te-fundose-gjithe-grupin-e-inceneratoreve","status":"publish","type":"post","link":"https:\/\/zjarr.tv\/en\/elvi-fundo-ahmetaj-po-goditet-per-te-shpetuar-koken-e-mertirin-i-cili-mund-te-fundose-gjithe-grupin-e-inceneratoreve\/","title":{"rendered":"Elvi Fundo: Ahmetaj po goditet p\u00ebr t\u00eb shp\u00ebtuar kok\u00ebn e M\u00ebrtirin&#8221;, i cili mund t\u00eb fundos\u00eb gjith\u00eb grupin e Incenerator\u00ebve\u2026"},"content":{"rendered":"<figure><img decoding=\"async\" src=\"https:\/\/i.imgur.com\/l7bgfeN.jpg\"><\/figure>\n<figure><img decoding=\"async\" src=\"https:\/\/i.imgur.com\/l7bgfeN.jpg\"><\/figure>\n<figure><img decoding=\"async\" src=\"https:\/\/i.imgur.com\/l7bgfeN.jpg\"><\/figure>\n<figure><img decoding=\"async\" src=\"https:\/\/i.imgur.com\/l7bgfeN.jpg\"><\/figure>\n<figure><img decoding=\"async\" src=\"https:\/\/i.imgur.com\/l7bgfeN.jpg\"><\/figure>\n<p> Elvi Fundo thot\u00eb se akuzat ndaj Arben Ahmetajt, q\u00eb kan\u00eb dal\u00eb s\u00ebfundmi n\u00eb media p\u00ebr q\u00ebndrime n\u00eb hotele t\u00eb paguara nga Klodian Zoto i incenerator\u00ebve, jan\u00eb nj\u00eb grindje e brendshme mes grupit t\u00eb incenerator\u00ebve, &#8220;p\u00ebr t\u00eb shp\u00ebtuar kok\u00ebn e M\u00ebrtirit&#8221;.\u00a0<\/p>\n<figure><img decoding=\"async\" src=\"https:\/\/i.imgur.com\/l7bgfeN.jpg\"><\/figure>\n<figure><img decoding=\"async\" src=\"https:\/\/i.imgur.com\/l7bgfeN.jpg\"><\/figure>\n<figure><img decoding=\"async\" src=\"https:\/\/i.imgur.com\/l7bgfeN.jpg\"><\/figure>\n<figure><img decoding=\"async\" src=\"https:\/\/i.imgur.com\/l7bgfeN.jpg\"><\/figure>\n<figure><img decoding=\"async\" src=\"https:\/\/i.imgur.com\/l7bgfeN.jpg\"><\/figure>\n<p>I ftuar n\u00eb emisionin &#8220;T\u00eb Paekspozuarit&#8221;, Fundo tha se Mirel M\u00ebrtiri gjendet n\u00eb Vien\u00eb dhe se po p\u00ebrgatit k\u00ebrkes\u00ebn p\u00ebr strehim politik.\u00a0<br \/>\nNga prokuror\u00ebt pretendohet se k\u00ebto dokumenta nuk ekzistojn\u00eb n\u00eb kompjuterin e Zotos.<\/p>\n<figure><img decoding=\"async\" src=\"https:\/\/i.imgur.com\/l7bgfeN.jpg\"><\/figure>\n<figure><img decoding=\"async\" src=\"https:\/\/i.imgur.com\/l7bgfeN.jpg\"><\/figure>\n<figure><img decoding=\"async\" src=\"https:\/\/i.imgur.com\/l7bgfeN.jpg\"><\/figure>\n<figure><img decoding=\"async\" src=\"https:\/\/i.imgur.com\/l7bgfeN.jpg\"><\/figure>\n<figure><img decoding=\"async\" src=\"https:\/\/i.imgur.com\/l7bgfeN.jpg\"><\/figure>\n<p>P\u00ebr mua nuk ka r\u00ebnd\u00ebsi q\u00eb Ahmetaj hetohet apo jo. SPAK thot\u00eb q\u00eb \u00ebsht\u00eb n\u00ebn hetim. Pash\u00eb q\u00eb kishte shantazh ndaj prokuror\u00ebve t\u00eb SPAK. Sulmi p\u00ebr mua b\u00ebhet p\u00ebr relativizimin e k\u00ebsaj \u00e7\u00ebshtje. Nxjerrim Ahmetajn dhe ja hedhim qenve t\u00eb mediave q\u00eb kan\u00eb marr\u00eb 100 milion\u00eb nga incenerator\u00ebt.<\/p>\n<figure><img decoding=\"async\" src=\"https:\/\/i.imgur.com\/l7bgfeN.jpg\"><\/figure>\n<figure><img decoding=\"async\" src=\"https:\/\/i.imgur.com\/l7bgfeN.jpg\"><\/figure>\n<figure><img decoding=\"async\" src=\"https:\/\/i.imgur.com\/l7bgfeN.jpg\"><\/figure>\n<figure><img decoding=\"async\" src=\"https:\/\/i.imgur.com\/l7bgfeN.jpg\"><\/figure>\n<figure><img decoding=\"async\" src=\"https:\/\/i.imgur.com\/l7bgfeN.jpg\"><\/figure>\n<p>Gazetari na provoi korrupsion mes ish ministrit dhe Klodian Zotos. Por nuk dol\u00ebn letrat e Mirel M\u00ebrtirit. Po shp\u00ebtohet koka e Mirel M\u00ebrtirit.<\/p>\n<figure><img decoding=\"async\" src=\"https:\/\/i.imgur.com\/l7bgfeN.jpg\"><\/figure>\n<figure><img decoding=\"async\" src=\"https:\/\/i.imgur.com\/l7bgfeN.jpg\"><\/figure>\n<figure><img decoding=\"async\" src=\"https:\/\/i.imgur.com\/l7bgfeN.jpg\"><\/figure>\n<figure><img decoding=\"async\" src=\"https:\/\/i.imgur.com\/l7bgfeN.jpg\"><\/figure>\n<figure><img decoding=\"async\" src=\"https:\/\/i.imgur.com\/l7bgfeN.jpg\"><\/figure>\n<p>Thon\u00eb q\u00eb Mirel M\u00ebrtiri ndodhet n\u00eb Vjen\u00eb dhe po p\u00ebrgatit k\u00ebrkes\u00ebn p\u00ebr strehim politik. K\u00ebtu po shet edhe ortakun e tij Klodian Zoto.<br \/>\nUn\u00eb them q\u00eb t\u00eb shohim peshq t\u00eb m\u00ebdhenj, duhet t\u00eb b\u00ebhet nj\u00eb nga k\u00ebta pentito dhe at\u00ebher\u00eb marrim vesh \u00e7far\u00eb ka ndodhur. E shoh si kok\u00eb turku Ahmetajn\u2026<\/p>\n<figure><img decoding=\"async\" src=\"https:\/\/i.imgur.com\/l7bgfeN.jpg\"><\/figure>\n<figure><img decoding=\"async\" src=\"https:\/\/i.imgur.com\/l7bgfeN.jpg\"><\/figure>\n<figure><img decoding=\"async\" src=\"https:\/\/i.imgur.com\/l7bgfeN.jpg\"><\/figure>\n<figure><img decoding=\"async\" src=\"https:\/\/i.imgur.com\/l7bgfeN.jpg\"><\/figure>\n<figure><img decoding=\"async\" src=\"https:\/\/i.imgur.com\/l7bgfeN.jpg\"><\/figure>\n<p>K\u00ebt\u00eb\u00a0propagand\u00eb po e b\u00ebjn\u00eb mediat q\u00eb jan\u00eb bler\u00eb dhe nuk kan\u00eb folur p\u00ebr incenerator\u00ebt, por na kan\u00eb treguar sa t\u00eb lumtur do t\u00eb jetonim ne me incenerator\u00ebt&#8221;, deklaroi Fundo.\u00a0<\/p>","protected":false},"excerpt":{"rendered":"<p>Elvi Fundo thot\u00eb se akuzat ndaj Arben Ahmetajt, q\u00eb kan\u00eb dal\u00eb s\u00ebfundmi n\u00eb media p\u00ebr q\u00ebndrime n\u00eb hotele t\u00eb paguara nga Klodian Zoto i incenerator\u00ebve, jan\u00eb nj\u00eb grindje e brendshme mes grupit t\u00eb incenerator\u00ebve, &#8220;p\u00ebr t\u00eb shp\u00ebtuar kok\u00ebn e M\u00ebrtirit&#8221;.\u00a0 I ftuar n\u00eb emisionin &#8220;T\u00eb Paekspozuarit&#8221;, Fundo tha se Mirel M\u00ebrtiri gjendet n\u00eb Vien\u00eb dhe [&hellip;]<\/p>\n","protected":false},"author":2039,"featured_media":305594,"comment_status":"closed","ping_status":"closed","sticky":false,"template":"","format":"standard","meta":{"footnotes":""},"categories":[235],"tags":[],"class_list":{"0":"post-305593","1":"post","2":"type-post","3":"status-publish","4":"format-standard","5":"has-post-thumbnail","7":"category-vendi"},"_links":{"self":[{"href":"https:\/\/zjarr.tv\/en\/wp-json\/wp\/v2\/posts\/305593","targetHints":{"allow":["GET"]}}],"collection":[{"href":"https:\/\/zjarr.tv\/en\/wp-json\/wp\/v2\/posts"}],"about":[{"href":"https:\/\/zjarr.tv\/en\/wp-json\/wp\/v2\/types\/post"}],"author":[{"embeddable":true,"href":"https:\/\/zjarr.tv\/en\/wp-json\/wp\/v2\/users\/2039"}],"replies":[{"embeddable":true,"href":"https:\/\/zjarr.tv\/en\/wp-json\/wp\/v2\/comments?post=305593"}],"version-history":[{"count":0,"href":"https:\/\/zjarr.tv\/en\/wp-json\/wp\/v2\/posts\/305593\/revisions"}],"wp:featuredmedia":[{"embeddable":true,"href":"https:\/\/zjarr.tv\/en\/wp-json\/wp\/v2\/media\/305594"}],"wp:attachment":[{"href":"https:\/\/zjarr.tv\/en\/wp-json\/wp\/v2\/media?parent=305593"}],"wp:term":[{"taxonomy":"category","embeddable":true,"href":"https:\/\/zjarr.tv\/en\/wp-json\/wp\/v2\/categories?post=305593"},{"taxonomy":"post_tag","embeddable":true,"href":"https:\/\/zjarr.tv\/en\/wp-json\/wp\/v2\/tags?post=305593"}],"curies":[{"name":"wp","href":"https:\/\/api.w.org\/{rel}","templated":true}]}}