{"id":305613,"date":"2022-12-16T08:32:21","date_gmt":"2022-12-16T07:32:21","guid":{"rendered":"https:\/\/zjarr.tv\/?p=305613"},"modified":"2022-12-16T08:32:21","modified_gmt":"2022-12-16T07:32:21","slug":"emri-alibeaj-blindon-shkodren-ja-kush-pritet-te-jete-rivali-i-bardh-spahiut-ne-zgjedhjet-e-14-majit","status":"publish","type":"post","link":"https:\/\/zjarr.tv\/en\/emri-alibeaj-blindon-shkodren-ja-kush-pritet-te-jete-rivali-i-bardh-spahiut-ne-zgjedhjet-e-14-majit\/","title":{"rendered":"EMRI- Alibeaj \u201cblindon\u201d Shkodr\u00ebn: Ja kush pritet t\u00eb jet\u00eb rivali i Bardh Spahiut n\u00eb zgjedhjet e 14 Majit"},"content":{"rendered":"<p>Nga Qamil Gjyrezi<\/p>\n<figure><img decoding=\"async\" src=\"https:\/\/i.imgur.com\/l7bgfeN.jpg\"><\/figure>\n<figure><img decoding=\"async\" src=\"https:\/\/i.imgur.com\/l7bgfeN.jpg\"><\/figure>\n<figure><img decoding=\"async\" src=\"https:\/\/i.imgur.com\/l7bgfeN.jpg\"><\/figure>\n<figure><img decoding=\"async\" src=\"https:\/\/i.imgur.com\/l7bgfeN.jpg\"><\/figure>\n<figure><img decoding=\"async\" src=\"https:\/\/i.imgur.com\/l7bgfeN.jpg\"><\/figure>\n<p>N\u00eb zgjedhjet lokale t\u00eb 14 Majit 2023, Xhevdet Amuli kryetari i PD-s\u00eb Shkod\u00ebr do t\u00eb kandidoj\u00eb p\u00ebrball\u00eb kandidatit t\u00eb Foltores Bardh Spahia. Z. Xhevdet Amuli \u00ebsht\u00eb nj\u00eb nd\u00ebr kontribuesit m\u00eb t\u00eb m\u00ebdhenj si person dhe si familje n\u00eb 32 vite n\u00eb PD-n\u00eb e Shkodr\u00ebs.<\/p>\n<figure><img decoding=\"async\" src=\"https:\/\/i.imgur.com\/l7bgfeN.jpg\"><\/figure>\n<figure><img decoding=\"async\" src=\"https:\/\/i.imgur.com\/l7bgfeN.jpg\"><\/figure>\n<figure><img decoding=\"async\" src=\"https:\/\/i.imgur.com\/l7bgfeN.jpg\"><\/figure>\n<figure><img decoding=\"async\" src=\"https:\/\/i.imgur.com\/l7bgfeN.jpg\"><\/figure>\n<figure><img decoding=\"async\" src=\"https:\/\/i.imgur.com\/l7bgfeN.jpg\"><\/figure>\n<p>Xhevdet Amuli p\u00ebrfaq\u00ebson denj\u00ebsisht doktrin\u00ebn dhe programin e s\u00eb djatht\u00ebs s\u00eb v\u00ebrtet\u00eb konsevatore, q\u00eb i ka munguar P.D.-s\u00eb dhe s\u00eb djatht\u00ebs n\u00eb 32 vite demokraci qytetit t\u00eb Shkodr\u00ebs. Xhevdet Amuli ka kontribuar politikisht n\u00eb 32 vite n\u00eb P.D. dhe \u00ebsht\u00eb biznesmen i njohur dhe i suksesh\u00ebm p\u00ebr zhvillimin ekonomik, kulturor\u00eb dhe sportiv n\u00eb qytetin e Shkodr\u00ebs.<\/p>\n<figure><img decoding=\"async\" src=\"https:\/\/i.imgur.com\/l7bgfeN.jpg\"><\/figure>\n<figure><img decoding=\"async\" src=\"https:\/\/i.imgur.com\/l7bgfeN.jpg\"><\/figure>\n<figure><img decoding=\"async\" src=\"https:\/\/i.imgur.com\/l7bgfeN.jpg\"><\/figure>\n<figure><img decoding=\"async\" src=\"https:\/\/i.imgur.com\/l7bgfeN.jpg\"><\/figure>\n<figure><img decoding=\"async\" src=\"https:\/\/i.imgur.com\/l7bgfeN.jpg\"><\/figure>\n<p>Xhevdet Amuli ka kontribuar 14 vite si sportist, por edhe si president i pesh\u00ebngritjes dhe p\u00ebr disa vite me radh\u00eb si sponsor i klubit t\u00eb futbollit Vllaznia. Xhevdet Amuli \u00ebsht\u00eb i martuar dhe familjar\u00eb shum\u00eb korrekt. Xhevdet Amuli ka 4 f\u00ebmij\u00eb q\u00eb punojn\u00eb dhe studjojn\u00eb n\u00eb Shqip\u00ebri dhe kan\u00eb p\u00ebrfunduar studimet me rezultate shum\u00eb t\u00eb mira. Xhevdet Amuli ka mbaruar studimet n\u00eb deg\u00ebn e ekonomi financa n\u00eb Universitetin Luigj Gurakuqi t\u00eb Shkodr\u00ebs.<\/p>\n<figure><img decoding=\"async\" src=\"https:\/\/i.imgur.com\/l7bgfeN.jpg\"><\/figure>\n<figure><img decoding=\"async\" src=\"https:\/\/i.imgur.com\/l7bgfeN.jpg\"><\/figure>\n<figure><img decoding=\"async\" src=\"https:\/\/i.imgur.com\/l7bgfeN.jpg\"><\/figure>\n<figure><img decoding=\"async\" src=\"https:\/\/i.imgur.com\/l7bgfeN.jpg\"><\/figure>\n<figure><img decoding=\"async\" src=\"https:\/\/i.imgur.com\/l7bgfeN.jpg\"><\/figure>\n<p>Xhevdet Amuli prej 4 vitesh \u00ebsht\u00eb zgjedhur si kryetar\u00eb i PD-s\u00eb n\u00eb Shkod\u00ebr.<\/p>\n<p>N\u00eb k\u00ebt\u00eb periudh\u00eb me probleme politike p\u00ebr PD-n\u00eb, Amuli \u00ebsht\u00eb treguar bashk\u00ebpunues me t\u00eb gjith\u00eb an\u00ebtar\u00ebsin\u00eb dhe drejtuesit politik lokal t\u00eb qytetit t\u00eb Shkodr\u00ebs duke kontribuar p\u00ebr nj\u00eb PD t\u00eb djatht\u00eb konservatore, pro europiane, pro-amerikane dhe antikomuniste p\u00ebr ti dh\u00ebn\u00eb fund tranzicionit 32 vjecar\u00eb n\u00eb Shkod\u00ebr dhe Shqip\u00ebri.<\/p>\n<figure><img decoding=\"async\" src=\"https:\/\/i.imgur.com\/l7bgfeN.jpg\"><\/figure>\n<figure><img decoding=\"async\" src=\"https:\/\/i.imgur.com\/l7bgfeN.jpg\"><\/figure>\n<figure><img decoding=\"async\" src=\"https:\/\/i.imgur.com\/l7bgfeN.jpg\"><\/figure>\n<figure><img decoding=\"async\" src=\"https:\/\/i.imgur.com\/l7bgfeN.jpg\"><\/figure>\n<figure><img decoding=\"async\" src=\"https:\/\/i.imgur.com\/l7bgfeN.jpg\"><\/figure>","protected":false},"excerpt":{"rendered":"<p>Nga Qamil Gjyrezi N\u00eb zgjedhjet lokale t\u00eb 14 Majit 2023, Xhevdet Amuli kryetari i PD-s\u00eb Shkod\u00ebr do t\u00eb kandidoj\u00eb p\u00ebrball\u00eb kandidatit t\u00eb Foltores Bardh Spahia. Z. Xhevdet Amuli \u00ebsht\u00eb nj\u00eb nd\u00ebr kontribuesit m\u00eb t\u00eb m\u00ebdhenj si person dhe si familje n\u00eb 32 vite n\u00eb PD-n\u00eb e Shkodr\u00ebs. Xhevdet Amuli p\u00ebrfaq\u00ebson denj\u00ebsisht doktrin\u00ebn dhe programin e [&hellip;]<\/p>\n","protected":false},"author":2039,"featured_media":305615,"comment_status":"closed","ping_status":"closed","sticky":false,"template":"","format":"standard","meta":{"footnotes":""},"categories":[241,1],"tags":[],"class_list":{"0":"post-305613","1":"post","2":"type-post","3":"status-publish","4":"format-standard","5":"has-post-thumbnail","7":"category-aktualitet","8":"category-uncategorized-sq"},"_links":{"self":[{"href":"https:\/\/zjarr.tv\/en\/wp-json\/wp\/v2\/posts\/305613","targetHints":{"allow":["GET"]}}],"collection":[{"href":"https:\/\/zjarr.tv\/en\/wp-json\/wp\/v2\/posts"}],"about":[{"href":"https:\/\/zjarr.tv\/en\/wp-json\/wp\/v2\/types\/post"}],"author":[{"embeddable":true,"href":"https:\/\/zjarr.tv\/en\/wp-json\/wp\/v2\/users\/2039"}],"replies":[{"embeddable":true,"href":"https:\/\/zjarr.tv\/en\/wp-json\/wp\/v2\/comments?post=305613"}],"version-history":[{"count":0,"href":"https:\/\/zjarr.tv\/en\/wp-json\/wp\/v2\/posts\/305613\/revisions"}],"wp:featuredmedia":[{"embeddable":true,"href":"https:\/\/zjarr.tv\/en\/wp-json\/wp\/v2\/media\/305615"}],"wp:attachment":[{"href":"https:\/\/zjarr.tv\/en\/wp-json\/wp\/v2\/media?parent=305613"}],"wp:term":[{"taxonomy":"category","embeddable":true,"href":"https:\/\/zjarr.tv\/en\/wp-json\/wp\/v2\/categories?post=305613"},{"taxonomy":"post_tag","embeddable":true,"href":"https:\/\/zjarr.tv\/en\/wp-json\/wp\/v2\/tags?post=305613"}],"curies":[{"name":"wp","href":"https:\/\/api.w.org\/{rel}","templated":true}]}}