{"id":306662,"date":"2022-12-20T17:16:57","date_gmt":"2022-12-20T16:16:57","guid":{"rendered":"https:\/\/zjarr.tv\/?p=306662"},"modified":"2022-12-20T17:16:57","modified_gmt":"2022-12-20T16:16:57","slug":"kellici-publikon-faktet-veliaj-hajdut-ja-si-vidhen-taksat-tuaja-per-shkollat-ne-tirane","status":"publish","type":"post","link":"https:\/\/zjarr.tv\/en\/kellici-publikon-faktet-veliaj-hajdut-ja-si-vidhen-taksat-tuaja-per-shkollat-ne-tirane\/","title":{"rendered":"K\u00eblli\u00e7i publikon faktet: Veliaj hajdut, ja si vidhen taksat tuaja p\u00ebr shkollat n\u00eb Tiran\u00eb"},"content":{"rendered":"<p><strong>Nga Belind K\u00eblli\u00e7i<\/strong><\/p>\n<p>Krahasoni shifrat.<\/p>\n<p>Diferenca vidhet.<\/p>\n<p>Me diferenc\u00ebn b\u00ebhen m\u00eb shum\u00eb shkolla, por n\u00eb \u00e7do firm\u00eb t\u00eb tij Veliaj ka nj\u00eb dor\u00eb p\u00ebr t\u00eb marr\u00eb.<\/p>\n<p>N\u00eb bankat e shkoll\u00ebs f\u00ebmij\u00ebt nuk duan t\u2019ia din\u00eb p\u00ebr politik\u00eb. P\u00ebrpara f\u00ebmij\u00ebve, prind\u00ebrit e tyre nuk duan t\u2019ia din\u00eb p\u00ebr politik\u00eb. Por mos t\u2019i themi hajdutit bamir\u00ebs, se me parat\u00eb tona nd\u00ebrtohen shkollat, por jo t\u00eb vidhet.<\/p>\n<p>Nuk q\u00ebndrojn\u00eb bashk\u00eb n\u00eb nj\u00eb fjali \u201cvjedh por punon\u201d.<\/p>\n<p>Hajduti mbetet hajdut. Ai nuk pyet je blu apo i kuq, ai vjedh mbi pal\u00ebt.<\/p>\n<p>Ai q\u00eb punon nuk vjedh.<\/p>\n<p>Ai q\u00eb vjedh nuk e di \u00e7\u2019\u00ebsht\u00eb puna. Veliaj nuk di t\u00eb administroj\u00eb, di t\u00eb vjedh\u00eb.<\/p>\n<p>Kjo sjell t\u00eb gjitha vonesat dhe zvarritjet e punimeve.<\/p>\n<p>Tiran\u00ebs i duhen vizion dhe mentalitet i ri.<\/p>\n<p><img loading=\"lazy\" decoding=\"async\" class=\"alignnone size-medium wp-image-306663\" src=\"https:\/\/zjarr.tv\/wp-content\/uploads\/2022\/12\/FB_IMG_1671550144178-300x300.jpg\" alt=\"\" width=\"300\" height=\"300\" srcset=\"https:\/\/zjarr.tv\/wp-content\/uploads\/2022\/12\/FB_IMG_1671550144178-300x300.jpg 300w, https:\/\/zjarr.tv\/wp-content\/uploads\/2022\/12\/FB_IMG_1671550144178-150x150.jpg 150w, https:\/\/zjarr.tv\/wp-content\/uploads\/2022\/12\/FB_IMG_1671550144178-768x768.jpg 768w, https:\/\/zjarr.tv\/wp-content\/uploads\/2022\/12\/FB_IMG_1671550144178-1024x1024.jpg 1024w, https:\/\/zjarr.tv\/wp-content\/uploads\/2022\/12\/FB_IMG_1671550144178-420x420.jpg 420w, https:\/\/zjarr.tv\/wp-content\/uploads\/2022\/12\/FB_IMG_1671550144178-696x696.jpg 696w, https:\/\/zjarr.tv\/wp-content\/uploads\/2022\/12\/FB_IMG_1671550144178-1068x1068.jpg 1068w, https:\/\/zjarr.tv\/wp-content\/uploads\/2022\/12\/FB_IMG_1671550144178.jpg 1080w\" sizes=\"auto, (max-width: 300px) 100vw, 300px\" \/><\/p>","protected":false},"excerpt":{"rendered":"<p>Nga Belind K\u00eblli\u00e7i Krahasoni shifrat. Diferenca vidhet. Me diferenc\u00ebn b\u00ebhen m\u00eb shum\u00eb shkolla, por n\u00eb \u00e7do firm\u00eb t\u00eb tij Veliaj ka nj\u00eb dor\u00eb p\u00ebr t\u00eb marr\u00eb. N\u00eb bankat e shkoll\u00ebs f\u00ebmij\u00ebt nuk duan t\u2019ia din\u00eb p\u00ebr politik\u00eb. P\u00ebrpara f\u00ebmij\u00ebve, prind\u00ebrit e tyre nuk duan t\u2019ia din\u00eb p\u00ebr politik\u00eb. Por mos t\u2019i themi hajdutit bamir\u00ebs, se [&hellip;]<\/p>\n","protected":false},"author":2037,"featured_media":299371,"comment_status":"closed","ping_status":"closed","sticky":false,"template":"","format":"standard","meta":{"footnotes":""},"categories":[241,364,231,1454,235],"tags":[],"class_list":{"0":"post-306662","1":"post","2":"type-post","3":"status-publish","4":"format-standard","5":"has-post-thumbnail","7":"category-aktualitet","8":"category-koment-opinion","9":"category-lajme","10":"category-politike","11":"category-vendi"},"_links":{"self":[{"href":"https:\/\/zjarr.tv\/en\/wp-json\/wp\/v2\/posts\/306662","targetHints":{"allow":["GET"]}}],"collection":[{"href":"https:\/\/zjarr.tv\/en\/wp-json\/wp\/v2\/posts"}],"about":[{"href":"https:\/\/zjarr.tv\/en\/wp-json\/wp\/v2\/types\/post"}],"author":[{"embeddable":true,"href":"https:\/\/zjarr.tv\/en\/wp-json\/wp\/v2\/users\/2037"}],"replies":[{"embeddable":true,"href":"https:\/\/zjarr.tv\/en\/wp-json\/wp\/v2\/comments?post=306662"}],"version-history":[{"count":0,"href":"https:\/\/zjarr.tv\/en\/wp-json\/wp\/v2\/posts\/306662\/revisions"}],"wp:featuredmedia":[{"embeddable":true,"href":"https:\/\/zjarr.tv\/en\/wp-json\/wp\/v2\/media\/299371"}],"wp:attachment":[{"href":"https:\/\/zjarr.tv\/en\/wp-json\/wp\/v2\/media?parent=306662"}],"wp:term":[{"taxonomy":"category","embeddable":true,"href":"https:\/\/zjarr.tv\/en\/wp-json\/wp\/v2\/categories?post=306662"},{"taxonomy":"post_tag","embeddable":true,"href":"https:\/\/zjarr.tv\/en\/wp-json\/wp\/v2\/tags?post=306662"}],"curies":[{"name":"wp","href":"https:\/\/api.w.org\/{rel}","templated":true}]}}