{"id":306690,"date":"2022-12-20T19:48:51","date_gmt":"2022-12-20T18:48:51","guid":{"rendered":"https:\/\/zjarr.tv\/?p=306690"},"modified":"2022-12-20T19:48:51","modified_gmt":"2022-12-20T18:48:51","slug":"sali-berisha-ben-premtimin-e-madh-deputetet-e-pdse-madaturen-tjeter-do-te-jene","status":"publish","type":"post","link":"https:\/\/zjarr.tv\/en\/sali-berisha-ben-premtimin-e-madh-deputetet-e-pdse-madaturen-tjeter-do-te-jene\/","title":{"rendered":"Sali Berisha b\u00ebn premtimin e madh: Deputet\u00ebt e PDs\u00eb madatur\u00ebn tjet\u00ebr do t\u00eb jen\u00eb\u2026."},"content":{"rendered":"<figure><img decoding=\"async\" src=\"https:\/\/i.imgur.com\/l7bgfeN.jpg\"><\/figure>\n<figure><img decoding=\"async\" src=\"https:\/\/i.imgur.com\/l7bgfeN.jpg\"><\/figure>\n<figure><img decoding=\"async\" src=\"https:\/\/i.imgur.com\/l7bgfeN.jpg\"><\/figure>\n<figure><img decoding=\"async\" src=\"https:\/\/i.imgur.com\/l7bgfeN.jpg\"><\/figure>\n<figure><img decoding=\"async\" src=\"https:\/\/i.imgur.com\/l7bgfeN.jpg\"><\/figure>\n<p>Kryetari i PD Sali Berisha, ka b\u00ebr\u00eb t\u00eb ditur pasditen e k\u00ebsaj t\u00eb marte se forca politike q\u00eb ai drejton do t\u00eb zhvilloj\u00eb primare edhe p\u00ebr zgjedhjet parlamentare. Sipas tij, deputet\u00ebt dhe qeveritar\u00ebt qendror\u00eb, do t\u00eb zgjidhen me primare.<\/p>\n<figure><img decoding=\"async\" src=\"https:\/\/i.imgur.com\/l7bgfeN.jpg\"><\/figure>\n<figure><img decoding=\"async\" src=\"https:\/\/i.imgur.com\/l7bgfeN.jpg\"><\/figure>\n<figure><img decoding=\"async\" src=\"https:\/\/i.imgur.com\/l7bgfeN.jpg\"><\/figure>\n<figure><img decoding=\"async\" src=\"https:\/\/i.imgur.com\/l7bgfeN.jpg\"><\/figure>\n<figure><img decoding=\"async\" src=\"https:\/\/i.imgur.com\/l7bgfeN.jpg\"><\/figure>\n<p>\u201cNe kaluam primaret p\u00ebr drejtuesit tan\u00eb t\u00eb deg\u00ebve. Ishte nj\u00eb eksperienc\u00eb e shk\u00eblqyer. N\u00eb t\u00ebr\u00ebsi, me p\u00ebrjashtime shum\u00eb t\u00eb rralla, nuk krijuan \u00e7arje. Nuk krijuan hat\u00ebrmbetje t\u00eb pariparueshme. Po n\u00eb k\u00ebt\u00eb frym\u00eb kaluam dhe primaret p\u00ebr qeveritar\u00ebt vendor\u00eb. Po n\u00eb k\u00ebt\u00eb frym\u00eb do kalojn\u00eb dhe kandidaturat p\u00ebr deputet\u00eb dhe qeveritar\u00ebt qendror\u00eb\u201d, u shpreh Berisha.<\/p>\n<p>Pjes\u00eb nga fjala e kryetarit t\u00eb PD:<\/p>\n<figure><img decoding=\"async\" src=\"https:\/\/i.imgur.com\/l7bgfeN.jpg\"><\/figure>\n<figure><img decoding=\"async\" src=\"https:\/\/i.imgur.com\/l7bgfeN.jpg\"><\/figure>\n<figure><img decoding=\"async\" src=\"https:\/\/i.imgur.com\/l7bgfeN.jpg\"><\/figure>\n<figure><img decoding=\"async\" src=\"https:\/\/i.imgur.com\/l7bgfeN.jpg\"><\/figure>\n<figure><img decoding=\"async\" src=\"https:\/\/i.imgur.com\/l7bgfeN.jpg\"><\/figure>\n<p>\u00c7do problem i krijuar gjat\u00eb tyre, do shqyrtohet, do analizohet, do pasqyrohet n\u00eb praktik\u00ebn ton\u00eb t\u00eb ardhshme. Por nj\u00eb gj\u00eb t\u00eb keni t\u00eb sigurt, ato jan\u00eb praktika m\u00eb demokratike q\u00eb nj\u00eb forc\u00eb politike mund t\u00eb p\u00ebrdor. Kandidat\u00ebt tan\u00eb, me kandidat\u00ebt e tij (Ram\u00ebs) ndryshojn\u00eb si nata me dit\u00ebn. Ja ku jan\u00eb, kan\u00eb ardhur nga nj\u00eb proces dinjitoz. Kurse t\u00eb tjer\u00ebt dalin nga grupet kriminale dhe klane mafioze pushteti.<\/p>\n<p>Ne kaluam primaret p\u00ebr drejtuesit tan\u00eb t\u00eb deg\u00ebve. Ishte nj\u00eb eksperienc\u00eb e shk\u00eblqyer. N\u00eb t\u00ebr\u00ebsi, me p\u00ebrjashtime shum\u00eb t\u00eb rralla, nuk krijuan \u00e7arje. Nuk krijuan hat\u00ebrmbetje t\u00eb pariparueshme. Po n\u00eb k\u00ebt\u00eb frym\u00eb kaluam dhe primaret p\u00ebr qeveritar\u00ebt vendor\u00eb. Po n\u00eb k\u00ebt\u00eb frym\u00eb do kalojn\u00eb dhe kandidaturat p\u00ebr deputet\u00eb dhe qeveritar\u00ebt qendror\u00eb.<\/p>\n<figure><img decoding=\"async\" src=\"https:\/\/i.imgur.com\/l7bgfeN.jpg\"><\/figure>\n<figure><img decoding=\"async\" src=\"https:\/\/i.imgur.com\/l7bgfeN.jpg\"><\/figure>\n<figure><img decoding=\"async\" src=\"https:\/\/i.imgur.com\/l7bgfeN.jpg\"><\/figure>\n<figure><img decoding=\"async\" src=\"https:\/\/i.imgur.com\/l7bgfeN.jpg\"><\/figure>\n<figure><img decoding=\"async\" src=\"https:\/\/i.imgur.com\/l7bgfeN.jpg\"><\/figure>\n<p>K\u00ebto arritje jan\u00eb nj\u00eb premis\u00eb e shk\u00eblqyer p\u00ebr fushat\u00ebn ton\u00eb elektorale. Ne hyjm\u00eb n\u00eb k\u00ebt\u00eb fushat\u00eb, n\u00eb kushtet kur regjimi degradon gjithnj\u00eb e m\u00eb shum\u00eb. N\u00eb kushtet kur regjimi r\u00ebndon gjithnj\u00eb e m\u00eb shum\u00eb mbi shpatullat e shqiptar\u00ebve. Edi Rama d\u00ebshmon se \u00ebsht\u00eb i aft\u00eb t\u00eb b\u00ebj\u00eb gjith\u00e7ka, p\u00ebr t\u00eb shkretuar Shqip\u00ebrin\u00eb.<\/p>","protected":false},"excerpt":{"rendered":"<p>Kryetari i PD Sali Berisha, ka b\u00ebr\u00eb t\u00eb ditur pasditen e k\u00ebsaj t\u00eb marte se forca politike q\u00eb ai drejton do t\u00eb zhvilloj\u00eb primare edhe p\u00ebr zgjedhjet parlamentare. Sipas tij, deputet\u00ebt dhe qeveritar\u00ebt qendror\u00eb, do t\u00eb zgjidhen me primare. \u201cNe kaluam primaret p\u00ebr drejtuesit tan\u00eb t\u00eb deg\u00ebve. Ishte nj\u00eb eksperienc\u00eb e shk\u00eblqyer. N\u00eb t\u00ebr\u00ebsi, me [&hellip;]<\/p>\n","protected":false},"author":2039,"featured_media":306676,"comment_status":"closed","ping_status":"closed","sticky":false,"template":"","format":"standard","meta":{"footnotes":""},"categories":[241],"tags":[],"class_list":{"0":"post-306690","1":"post","2":"type-post","3":"status-publish","4":"format-standard","5":"has-post-thumbnail","7":"category-aktualitet"},"_links":{"self":[{"href":"https:\/\/zjarr.tv\/en\/wp-json\/wp\/v2\/posts\/306690","targetHints":{"allow":["GET"]}}],"collection":[{"href":"https:\/\/zjarr.tv\/en\/wp-json\/wp\/v2\/posts"}],"about":[{"href":"https:\/\/zjarr.tv\/en\/wp-json\/wp\/v2\/types\/post"}],"author":[{"embeddable":true,"href":"https:\/\/zjarr.tv\/en\/wp-json\/wp\/v2\/users\/2039"}],"replies":[{"embeddable":true,"href":"https:\/\/zjarr.tv\/en\/wp-json\/wp\/v2\/comments?post=306690"}],"version-history":[{"count":0,"href":"https:\/\/zjarr.tv\/en\/wp-json\/wp\/v2\/posts\/306690\/revisions"}],"wp:featuredmedia":[{"embeddable":true,"href":"https:\/\/zjarr.tv\/en\/wp-json\/wp\/v2\/media\/306676"}],"wp:attachment":[{"href":"https:\/\/zjarr.tv\/en\/wp-json\/wp\/v2\/media?parent=306690"}],"wp:term":[{"taxonomy":"category","embeddable":true,"href":"https:\/\/zjarr.tv\/en\/wp-json\/wp\/v2\/categories?post=306690"},{"taxonomy":"post_tag","embeddable":true,"href":"https:\/\/zjarr.tv\/en\/wp-json\/wp\/v2\/tags?post=306690"}],"curies":[{"name":"wp","href":"https:\/\/api.w.org\/{rel}","templated":true}]}}