{"id":306709,"date":"2022-12-20T20:21:18","date_gmt":"2022-12-20T19:21:18","guid":{"rendered":"https:\/\/zjarr.tv\/?p=306709"},"modified":"2022-12-20T20:21:18","modified_gmt":"2022-12-20T19:21:18","slug":"aksident-me-vdekje-ne-aksin-fushe-kruje-vore","status":"publish","type":"post","link":"https:\/\/zjarr.tv\/en\/aksident-me-vdekje-ne-aksin-fushe-kruje-vore\/","title":{"rendered":"Aksident me vdekje n\u00eb aksin Fush\u00eb Kruj\u00eb-Vor\u00eb"},"content":{"rendered":"<p>Nj\u00eb person humbi jet\u00ebn n\u00eb nj\u00eb aksident t\u00eb sh\u00ebnuar mbr\u00ebmjen e s\u00eb mart\u00ebs n\u00eb aksin Fush\u00eb Kruj\u00eb-Vor\u00eb.<\/p>\n<p>Policia tha se ngjarja ndodhi n\u00eb af\u00ebrsi t\u00eb Ur\u00ebs Gjol\u00ebs, Fush\u00eb Kruj\u00eb, ku nj\u00eb automjet me drejtues shtetasin A. K., 19 vje\u00e7, ka aksidentuar shtetasin P. S., 55 vje\u00e7, i cili udh\u00ebtonte me bi\u00e7iklet\u00eb.<\/p>\n<p>Si pasoj\u00eb e p\u00ebrplasjes ka humbur jet\u00ebn shtetasi P. S. Drejtuesi i automjetit \u00ebsht\u00eb shoq\u00ebruar n\u00eb Komisariat.<\/p>\n<p>Grupi hetimor ndodhet n\u00eb vendngjarje dhe po punon p\u00ebr sqarimin e rrethanave t\u00eb aksidentit.<\/p>","protected":false},"excerpt":{"rendered":"<p>Nj\u00eb person humbi jet\u00ebn n\u00eb nj\u00eb aksident t\u00eb sh\u00ebnuar mbr\u00ebmjen e s\u00eb mart\u00ebs n\u00eb aksin Fush\u00eb Kruj\u00eb-Vor\u00eb. Policia tha se ngjarja ndodhi n\u00eb af\u00ebrsi t\u00eb Ur\u00ebs Gjol\u00ebs, Fush\u00eb Kruj\u00eb, ku nj\u00eb automjet me drejtues shtetasin A. K., 19 vje\u00e7, ka aksidentuar shtetasin P. S., 55 vje\u00e7, i cili udh\u00ebtonte me bi\u00e7iklet\u00eb. Si pasoj\u00eb e p\u00ebrplasjes [&hellip;]<\/p>\n","protected":false},"author":2031,"featured_media":186547,"comment_status":"closed","ping_status":"closed","sticky":false,"template":"","format":"standard","meta":{"footnotes":""},"categories":[231],"tags":[],"class_list":{"0":"post-306709","1":"post","2":"type-post","3":"status-publish","4":"format-standard","5":"has-post-thumbnail","7":"category-lajme"},"_links":{"self":[{"href":"https:\/\/zjarr.tv\/en\/wp-json\/wp\/v2\/posts\/306709","targetHints":{"allow":["GET"]}}],"collection":[{"href":"https:\/\/zjarr.tv\/en\/wp-json\/wp\/v2\/posts"}],"about":[{"href":"https:\/\/zjarr.tv\/en\/wp-json\/wp\/v2\/types\/post"}],"author":[{"embeddable":true,"href":"https:\/\/zjarr.tv\/en\/wp-json\/wp\/v2\/users\/2031"}],"replies":[{"embeddable":true,"href":"https:\/\/zjarr.tv\/en\/wp-json\/wp\/v2\/comments?post=306709"}],"version-history":[{"count":0,"href":"https:\/\/zjarr.tv\/en\/wp-json\/wp\/v2\/posts\/306709\/revisions"}],"wp:featuredmedia":[{"embeddable":true,"href":"https:\/\/zjarr.tv\/en\/wp-json\/wp\/v2\/media\/186547"}],"wp:attachment":[{"href":"https:\/\/zjarr.tv\/en\/wp-json\/wp\/v2\/media?parent=306709"}],"wp:term":[{"taxonomy":"category","embeddable":true,"href":"https:\/\/zjarr.tv\/en\/wp-json\/wp\/v2\/categories?post=306709"},{"taxonomy":"post_tag","embeddable":true,"href":"https:\/\/zjarr.tv\/en\/wp-json\/wp\/v2\/tags?post=306709"}],"curies":[{"name":"wp","href":"https:\/\/api.w.org\/{rel}","templated":true}]}}