{"id":306716,"date":"2022-12-20T20:29:09","date_gmt":"2022-12-20T19:29:09","guid":{"rendered":"https:\/\/zjarr.tv\/?p=306716"},"modified":"2022-12-20T20:29:09","modified_gmt":"2022-12-20T19:29:09","slug":"dvorani-i-papranueshem-per-ne-kushtetuese-grupi-i-alibeajt-vendos-te-bojkotoje-votimin","status":"publish","type":"post","link":"https:\/\/zjarr.tv\/en\/dvorani-i-papranueshem-per-ne-kushtetuese-grupi-i-alibeajt-vendos-te-bojkotoje-votimin\/","title":{"rendered":"\u201cDvorani i papranuesh\u00ebm p\u00ebr n\u00eb Kushtetuese!\u201d Grupi i Alibeajt vendos t\u00eb bojkotoj\u00eb votimin"},"content":{"rendered":"<p>Partia Demokratike nuk do t\u00eb marr\u00eb pjes\u00eb n\u00eb votimin e nes\u00ebrm n\u00eb Kuvend p\u00ebr an\u00ebtar\u00ebt e Gjykat\u00ebs Kushtetuese.<\/p>\n<p>Grupi parlamentar i Partis\u00eb Demokratike, i drejtuar nga Enkelejd Alibeaj kan\u00eb b\u00ebr\u00eb publik q\u00ebndrimin kund\u00ebr kandidatur\u00ebs  s\u00eb Ardian Dvoranit p\u00ebr n\u00eb Gjykat\u00ebn Kushtetuese, pasi sipas tyre kandidatura e tij \u00ebsht\u00eb e papranueshme p\u00ebr n\u00eb Kushtetuese.<\/p>\n<p>\u201cGjykata Kushtetuese nuk mund t\u00eb jet\u00eb kurr\u00eb seksion i Partis\u00eb Socialiste. Kandidatura e Ardian Dvoranit \u00ebsht\u00eb e papranueshme p\u00ebr \u00e7do opozitar! Meritokracia dhe jo preferencat politike jan\u00eb baza e pavar\u00ebsis\u00eb s\u00eb Gjykat\u00ebs Kushtetuese\u201d, shkruan Bardhi.<\/p>\n<p>Theksojm\u00eb se mazhoranca votoi dje kalimin p\u00ebr seanc\u00eb plenare t\u00eb tre kandidaturave, Mariana Semini, Ardian Dvorani dhe Arta Vorpsi t\u00eb p\u00ebrcjella nga KED, duke respektuar renditjen e caktuar nga KED. Sipas ligjit, kuvendit i duhet shumica e cil\u00ebsuar prej mbi 84 votash n\u00eb seanc\u00eb plenare p\u00ebr t\u00eb p\u00ebrmbysur renditjen e KED. <\/p>\n<p>Por n\u00eb t\u00eb kund\u00ebrt, Mariana Semini pritet t\u00eb jet\u00eb gjyqtarja q\u00eb do t\u00eb plot\u00ebsoj\u00eb vakanc\u00ebn n\u00eb Gjykat\u00ebn Kushtetuese.<\/p>","protected":false},"excerpt":{"rendered":"<p>Partia Demokratike nuk do t\u00eb marr\u00eb pjes\u00eb n\u00eb votimin e nes\u00ebrm n\u00eb Kuvend p\u00ebr an\u00ebtar\u00ebt e Gjykat\u00ebs Kushtetuese. Grupi parlamentar i Partis\u00eb Demokratike, i drejtuar nga Enkelejd Alibeaj kan\u00eb b\u00ebr\u00eb publik q\u00ebndrimin kund\u00ebr kandidatur\u00ebs s\u00eb Ardian Dvoranit p\u00ebr n\u00eb Gjykat\u00ebn Kushtetuese, pasi sipas tyre kandidatura e tij \u00ebsht\u00eb e papranueshme p\u00ebr n\u00eb Kushtetuese. \u201cGjykata Kushtetuese [&hellip;]<\/p>\n","protected":false},"author":2031,"featured_media":306717,"comment_status":"closed","ping_status":"closed","sticky":false,"template":"","format":"standard","meta":{"footnotes":""},"categories":[231,235],"tags":[],"class_list":{"0":"post-306716","1":"post","2":"type-post","3":"status-publish","4":"format-standard","5":"has-post-thumbnail","7":"category-lajme","8":"category-vendi"},"_links":{"self":[{"href":"https:\/\/zjarr.tv\/en\/wp-json\/wp\/v2\/posts\/306716","targetHints":{"allow":["GET"]}}],"collection":[{"href":"https:\/\/zjarr.tv\/en\/wp-json\/wp\/v2\/posts"}],"about":[{"href":"https:\/\/zjarr.tv\/en\/wp-json\/wp\/v2\/types\/post"}],"author":[{"embeddable":true,"href":"https:\/\/zjarr.tv\/en\/wp-json\/wp\/v2\/users\/2031"}],"replies":[{"embeddable":true,"href":"https:\/\/zjarr.tv\/en\/wp-json\/wp\/v2\/comments?post=306716"}],"version-history":[{"count":0,"href":"https:\/\/zjarr.tv\/en\/wp-json\/wp\/v2\/posts\/306716\/revisions"}],"wp:featuredmedia":[{"embeddable":true,"href":"https:\/\/zjarr.tv\/en\/wp-json\/wp\/v2\/media\/306717"}],"wp:attachment":[{"href":"https:\/\/zjarr.tv\/en\/wp-json\/wp\/v2\/media?parent=306716"}],"wp:term":[{"taxonomy":"category","embeddable":true,"href":"https:\/\/zjarr.tv\/en\/wp-json\/wp\/v2\/categories?post=306716"},{"taxonomy":"post_tag","embeddable":true,"href":"https:\/\/zjarr.tv\/en\/wp-json\/wp\/v2\/tags?post=306716"}],"curies":[{"name":"wp","href":"https:\/\/api.w.org\/{rel}","templated":true}]}}