{"id":306722,"date":"2022-12-20T21:52:04","date_gmt":"2022-12-20T20:52:04","guid":{"rendered":"https:\/\/zjarr.tv\/?p=306722"},"modified":"2022-12-20T21:52:04","modified_gmt":"2022-12-20T20:52:04","slug":"flet-deputeti-i-lushnjes-ke-zgjedh-te-mbeshtese-midis-berishes-dhe-alibeajt","status":"publish","type":"post","link":"https:\/\/zjarr.tv\/en\/flet-deputeti-i-lushnjes-ke-zgjedh-te-mbeshtese-midis-berishes-dhe-alibeajt\/","title":{"rendered":"Flet deputeti i Lushnjes: K\u00eb zgjedh t\u00eb mb\u00ebshtes\u00eb midis Berish\u00ebs dhe Alibeajt"},"content":{"rendered":"<p>Deputeti demokrat Saimir Korreshi, thot\u00eb se n\u00ebse t\u00eb dy grupimet n\u00eb PD dalin me dy kandidat\u00eb t\u00eb ndrysh\u00ebm, do t\u00eb humbin dhe kjo do t\u00eb \u00e7oj\u00eb n\u00eb rr\u00ebnimin e partis\u00eb. Sipas tij, Alibeaj dhe Berisha duhet t\u00eb b\u00ebjn\u00eb gjith\u00e7ka q\u00eb t\u00eb dalin me nj\u00eb kandidat.<\/p>\n<figure><img decoding=\"async\" src=\"https:\/\/i.imgur.com\/l7bgfeN.jpg\"><\/figure>\n<figure><img decoding=\"async\" src=\"https:\/\/i.imgur.com\/l7bgfeN.jpg\"><\/figure>\n<figure><img decoding=\"async\" src=\"https:\/\/i.imgur.com\/l7bgfeN.jpg\"><\/figure>\n<figure><img decoding=\"async\" src=\"https:\/\/i.imgur.com\/l7bgfeN.jpg\"><\/figure>\n<figure><img decoding=\"async\" src=\"https:\/\/i.imgur.com\/l7bgfeN.jpg\"><\/figure>\n<p>\u201cDemokrat\u00ebt duhet t\u00eb futen me nj\u00eb kandidat. Nuk fitojm\u00eb me dy. PD duhet deri n\u00eb finalen e saj t\u00eb b\u00ebj\u00eb p\u00ebrpjekje p\u00ebr t\u00eb bashkuar demokrat\u00ebt dhe t\u00eb futet n\u00eb zgjedhje me nj\u00eb kandidat\u201d, u shpreh Korreshi n\u00eb emisionin.<\/p>\n<p>Sipas tij, demokrat\u00ebt n\u00eb baz\u00eb e duan bashkimin por dy lider\u00ebt, Sali Berisha dhe Enkelejd Alibeaj nuk pyesin p\u00ebr bashkimin e partis\u00eb.<\/p>\n<figure><img decoding=\"async\" src=\"https:\/\/i.imgur.com\/l7bgfeN.jpg\"><\/figure>\n<figure><img decoding=\"async\" src=\"https:\/\/i.imgur.com\/l7bgfeN.jpg\"><\/figure>\n<figure><img decoding=\"async\" src=\"https:\/\/i.imgur.com\/l7bgfeN.jpg\"><\/figure>\n<figure><img decoding=\"async\" src=\"https:\/\/i.imgur.com\/l7bgfeN.jpg\"><\/figure>\n<figure><img decoding=\"async\" src=\"https:\/\/i.imgur.com\/l7bgfeN.jpg\"><\/figure>\n<p>\u201cE k\u00ebrkojn\u00eb demokrat\u00ebt, e kan\u00eb t\u00eb qart\u00eb. Por duke par\u00eb n\u00eb k\u00ebt\u00eb far\u00eb dergjjeje q\u00eb \u00ebsht\u00eb PD, ndodh q\u00eb njer\u00ebzit nuk akne besim te ne. Jan\u00eb t\u00eb zhg\u00ebnjyer nga opozita. Berisha u ka premtuar se do rr\u00ebzoj\u00eb Ram\u00ebn, dhe humb\u00ebsi dhe fituesi i zgjedhjeve \u00ebsht\u00eb Berisha. Duhet t\u00eb kishte p\u00ebrpjekje m\u00eb t\u00eb madhe nga ai p\u00ebr tu bashkuar. Logjika nuk shkon, situata po precipiton, n\u00ebse s\u2019do kemi nd\u00ebrgjegje nga lider\u00ebt, kjo do shkoj\u00eb drejt rr\u00ebnimit t\u00eb PD\u201d, vijoi deputeti.<\/p>\n<figure><img decoding=\"async\" src=\"https:\/\/i.imgur.com\/l7bgfeN.jpg\"><\/figure>\n<figure><img decoding=\"async\" src=\"https:\/\/i.imgur.com\/l7bgfeN.jpg\"><\/figure>\n<figure><img decoding=\"async\" src=\"https:\/\/i.imgur.com\/l7bgfeN.jpg\"><\/figure>\n<figure><img decoding=\"async\" src=\"https:\/\/i.imgur.com\/l7bgfeN.jpg\"><\/figure>\n<figure><img decoding=\"async\" src=\"https:\/\/i.imgur.com\/l7bgfeN.jpg\"><\/figure>\n<p>I pyetur p\u00ebrse nuk bashkohet me grupin e Berish\u00ebs, Korreshi tha dy arsye, nj\u00eb sepse ai nuk u fut n\u00eb gar\u00eb me Lulzim Bash\u00ebn, dhe e dyta, se proceset e votimit t\u00eb zhvilluara nga Berisha kan\u00eb qen\u00eb t\u00eb nj\u00ebanshme.<\/p>\n<figure><img decoding=\"async\" src=\"https:\/\/i.imgur.com\/l7bgfeN.jpg\"><\/figure>\n<figure><img decoding=\"async\" src=\"https:\/\/i.imgur.com\/l7bgfeN.jpg\"><\/figure>\n<figure><img decoding=\"async\" src=\"https:\/\/i.imgur.com\/l7bgfeN.jpg\"><\/figure>\n<figure><img decoding=\"async\" src=\"https:\/\/i.imgur.com\/l7bgfeN.jpg\"><\/figure>\n<figure><img decoding=\"async\" src=\"https:\/\/i.imgur.com\/l7bgfeN.jpg\"><\/figure>\n<p>\u201cSepse nuk kuptova asnj\u00ebher\u00eb kur Berisha kishte mund\u00ebsin\u00eb t\u00eb \u2018rrihte\u2019 Bash\u00ebn dhe nuk e beri. Pse do duhej ne t\u00eb vraponim n\u00eb dyert e gjykatave. Berisha do ta kishte heq nj\u00eb siklet n\u00ebse me dat\u00eb 18 do kishte mund Bash\u00ebn me ngritje dor\u00eb dhe gjith\u00eb demokrat\u00ebt shkonin te selia dhe kishim at\u00eb kryetar. Nuk kuptova nxitimin p\u00ebr t\u00eb b\u00ebr\u00eb procese t\u00eb nj\u00ebanshme, kjo \u00ebsht\u00eb goditja m\u00eb e r\u00ebnd\u00eb, se demokrat\u00ebt duke mos qen\u00eb t\u00eb p\u00ebrfaq\u00ebsuar\u201d, u shpreh Saimir Korreshi.<\/p>","protected":false},"excerpt":{"rendered":"<p>Deputeti demokrat Saimir Korreshi, thot\u00eb se n\u00ebse t\u00eb dy grupimet n\u00eb PD dalin me dy kandidat\u00eb t\u00eb ndrysh\u00ebm, do t\u00eb humbin dhe kjo do t\u00eb \u00e7oj\u00eb n\u00eb rr\u00ebnimin e partis\u00eb. Sipas tij, Alibeaj dhe Berisha duhet t\u00eb b\u00ebjn\u00eb gjith\u00e7ka q\u00eb t\u00eb dalin me nj\u00eb kandidat. \u201cDemokrat\u00ebt duhet t\u00eb futen me nj\u00eb kandidat. Nuk fitojm\u00eb me [&hellip;]<\/p>\n","protected":false},"author":2039,"featured_media":306723,"comment_status":"closed","ping_status":"closed","sticky":false,"template":"","format":"standard","meta":{"footnotes":""},"categories":[241],"tags":[],"class_list":{"0":"post-306722","1":"post","2":"type-post","3":"status-publish","4":"format-standard","5":"has-post-thumbnail","7":"category-aktualitet"},"_links":{"self":[{"href":"https:\/\/zjarr.tv\/en\/wp-json\/wp\/v2\/posts\/306722","targetHints":{"allow":["GET"]}}],"collection":[{"href":"https:\/\/zjarr.tv\/en\/wp-json\/wp\/v2\/posts"}],"about":[{"href":"https:\/\/zjarr.tv\/en\/wp-json\/wp\/v2\/types\/post"}],"author":[{"embeddable":true,"href":"https:\/\/zjarr.tv\/en\/wp-json\/wp\/v2\/users\/2039"}],"replies":[{"embeddable":true,"href":"https:\/\/zjarr.tv\/en\/wp-json\/wp\/v2\/comments?post=306722"}],"version-history":[{"count":0,"href":"https:\/\/zjarr.tv\/en\/wp-json\/wp\/v2\/posts\/306722\/revisions"}],"wp:featuredmedia":[{"embeddable":true,"href":"https:\/\/zjarr.tv\/en\/wp-json\/wp\/v2\/media\/306723"}],"wp:attachment":[{"href":"https:\/\/zjarr.tv\/en\/wp-json\/wp\/v2\/media?parent=306722"}],"wp:term":[{"taxonomy":"category","embeddable":true,"href":"https:\/\/zjarr.tv\/en\/wp-json\/wp\/v2\/categories?post=306722"},{"taxonomy":"post_tag","embeddable":true,"href":"https:\/\/zjarr.tv\/en\/wp-json\/wp\/v2\/tags?post=306722"}],"curies":[{"name":"wp","href":"https:\/\/api.w.org\/{rel}","templated":true}]}}