{"id":306736,"date":"2022-12-21T08:56:24","date_gmt":"2022-12-21T07:56:24","guid":{"rendered":"https:\/\/zjarr.tv\/?p=306736"},"modified":"2022-12-21T08:56:24","modified_gmt":"2022-12-21T07:56:24","slug":"murrizi-sulmon-ashper-dovoranin-pleh-i-komunizmit-thirrje-opozites-askush-mos-ta-votoje","status":"publish","type":"post","link":"https:\/\/zjarr.tv\/en\/murrizi-sulmon-ashper-dovoranin-pleh-i-komunizmit-thirrje-opozites-askush-mos-ta-votoje\/","title":{"rendered":"Murrizi sulmon ashp\u00ebr Dovoranin: Pleh i Komunizmit, thirrje opozit\u00ebs askush mos ta votoj\u00eb\u2026"},"content":{"rendered":"<figure><img decoding=\"async\" src=\"https:\/\/i.imgur.com\/l7bgfeN.jpg\"><\/figure>\n<figure><img decoding=\"async\" src=\"https:\/\/i.imgur.com\/l7bgfeN.jpg\"><\/figure>\n<figure><img decoding=\"async\" src=\"https:\/\/i.imgur.com\/l7bgfeN.jpg\"><\/figure>\n<figure><img decoding=\"async\" src=\"https:\/\/i.imgur.com\/l7bgfeN.jpg\"><\/figure>\n<figure><img decoding=\"async\" src=\"https:\/\/i.imgur.com\/l7bgfeN.jpg\"><\/figure>\n<p> Ish-deputeti i Partis\u00eb Demokratike, Myslim Murrizi i ka b\u00ebr\u00eb thirrje opozit\u00ebs q\u00eb t\u00eb mos votoj\u00eb Dvoranin si kreun e Gjykat\u00ebs Kushtetuese.<\/p>\n<figure><img decoding=\"async\" src=\"https:\/\/i.imgur.com\/l7bgfeN.jpg\"><\/figure>\n<figure><img decoding=\"async\" src=\"https:\/\/i.imgur.com\/l7bgfeN.jpg\"><\/figure>\n<figure><img decoding=\"async\" src=\"https:\/\/i.imgur.com\/l7bgfeN.jpg\"><\/figure>\n<figure><img decoding=\"async\" src=\"https:\/\/i.imgur.com\/l7bgfeN.jpg\"><\/figure>\n<figure><img decoding=\"async\" src=\"https:\/\/i.imgur.com\/l7bgfeN.jpg\"><\/figure>\n<p>Murrizi n\u00ebp\u00ebrmjet nj\u00eb postimi n\u00eb rrjete sociale \u00ebsht\u00eb shprehur me ton t\u00eb ashp\u00ebr se drejt\u00ebsia n\u00eb Shqip\u00ebri duhet t\u00eb shp\u00ebtoj\u00eb nga plehrat e fundit t\u00eb komunizmit t\u00eb cilat duhet t\u00eb qerohen nga t\u00eb gjitha sferat e jet\u00ebs.<\/p>\n<figure><img decoding=\"async\" src=\"https:\/\/i.imgur.com\/l7bgfeN.jpg\"><\/figure>\n<figure><img decoding=\"async\" src=\"https:\/\/i.imgur.com\/l7bgfeN.jpg\"><\/figure>\n<figure><img decoding=\"async\" src=\"https:\/\/i.imgur.com\/l7bgfeN.jpg\"><\/figure>\n<figure><img decoding=\"async\" src=\"https:\/\/i.imgur.com\/l7bgfeN.jpg\"><\/figure>\n<figure><img decoding=\"async\" src=\"https:\/\/i.imgur.com\/l7bgfeN.jpg\"><\/figure>\n<p>Nd\u00ebr t\u00eb tjera ai tha se drejt\u00ebsia nuk duhet t\u00eb ket\u00eb m\u00eb n\u00eb krye t\u00eb saj kush\u00ebrinj, familjar\u00eb, motra, v\u00ebllez\u00ebr, kunet\u00ebr e ba\u00e7anak\u00eb t\u00eb deputet\u00ebve t\u00eb PS.<\/p>\n<p>\u201cN\u00ebse ndonj\u00eb Deputet i opozit\u00ebs do t\u00eb votoj\u00eb k\u00ebt\u00eb ish-hetues t\u00eb komunizmit p\u00ebr an\u00ebtar\u00eb t\u00eb Gjykat\u00ebs Kushtetuese do t\u00eb jet\u00eb nj\u00eb turp p\u00ebr at\u00eb mandat q\u00eb mban.<\/p>\n<figure><img decoding=\"async\" src=\"https:\/\/i.imgur.com\/l7bgfeN.jpg\"><\/figure>\n<figure><img decoding=\"async\" src=\"https:\/\/i.imgur.com\/l7bgfeN.jpg\"><\/figure>\n<figure><img decoding=\"async\" src=\"https:\/\/i.imgur.com\/l7bgfeN.jpg\"><\/figure>\n<figure><img decoding=\"async\" src=\"https:\/\/i.imgur.com\/l7bgfeN.jpg\"><\/figure>\n<figure><img decoding=\"async\" src=\"https:\/\/i.imgur.com\/l7bgfeN.jpg\"><\/figure>\n<p>Drejt\u00ebsia nuk duhet t\u00eb ket\u00eb plehrat e fundit t\u00eb regjimit komunist n\u00eb krye t\u00eb saj edhe sot 32 vite pas r\u00ebnies s\u00eb atij regjimi bastard.<\/p>\n<p>Shqip\u00ebria do t\u00eb marr\u00eb frym\u00eb lirisht dhe do t\u00eb shp\u00ebtoj\u00eb nj\u00ebher\u00eb e mir\u00eb kur t\u00eb q\u00ebrohen nga politika, drejt\u00ebsia, media dhe administrata fund\u00ebrrina t\u00eb atij regjimi q\u00eb kan\u00eb mbi shpin\u00eb m\u00ebkate t\u00eb pashlyera.<\/p>\n<figure><img decoding=\"async\" src=\"https:\/\/i.imgur.com\/l7bgfeN.jpg\"><\/figure>\n<figure><img decoding=\"async\" src=\"https:\/\/i.imgur.com\/l7bgfeN.jpg\"><\/figure>\n<figure><img decoding=\"async\" src=\"https:\/\/i.imgur.com\/l7bgfeN.jpg\"><\/figure>\n<figure><img decoding=\"async\" src=\"https:\/\/i.imgur.com\/l7bgfeN.jpg\"><\/figure>\n<figure><img decoding=\"async\" src=\"https:\/\/i.imgur.com\/l7bgfeN.jpg\"><\/figure>\n<p>Sidomos kur jan\u00eb edhe ish-spiun\u00eb t\u00eb sigurimit dhe militant\u00eb t\u00eb thekur t\u00eb enverizmit.<br \/>\nMjaft m\u00eb me kush\u00ebrinj, familjar\u00eb, motra, v\u00ebllez\u00ebr, kunet\u00ebr e ba\u00e7anak\u00eb t\u00eb deputet\u00ebve t\u00eb PS, n\u00eb krye t\u00eb k\u00ebsaj drejt\u00ebsie ku shqiptar\u00ebt presin me t\u00eb drejt\u00eb shum\u00eb m\u00eb shum\u00eb.<\/p>\n<figure><img decoding=\"async\" src=\"https:\/\/i.imgur.com\/l7bgfeN.jpg\"><\/figure>\n<figure><img decoding=\"async\" src=\"https:\/\/i.imgur.com\/l7bgfeN.jpg\"><\/figure>\n<figure><img decoding=\"async\" src=\"https:\/\/i.imgur.com\/l7bgfeN.jpg\"><\/figure>\n<figure><img decoding=\"async\" src=\"https:\/\/i.imgur.com\/l7bgfeN.jpg\"><\/figure>\n<figure><img decoding=\"async\" src=\"https:\/\/i.imgur.com\/l7bgfeN.jpg\"><\/figure>\n<p>Askush nuk duhet t\u00eb marr\u00eb pjes\u00eb n\u00eb votim p\u00ebr Dvoranin ish -hetuesin fam\u00ebkeq t\u00eb Shkodr\u00ebs n\u00eb vitet 1988-1991 nga deputet\u00ebt e opozit\u00ebs.<br \/>\nNdryshe do t\u00eb jeni para opozitar\u00ebve m\u00eb t\u00eb pist\u00eb se vet\u00eb kategoria e k\u00ebtyre mostrave\u201d, \u00a0ka shkruajtur Murrizi.<\/p>","protected":false},"excerpt":{"rendered":"<p>Ish-deputeti i Partis\u00eb Demokratike, Myslim Murrizi i ka b\u00ebr\u00eb thirrje opozit\u00ebs q\u00eb t\u00eb mos votoj\u00eb Dvoranin si kreun e Gjykat\u00ebs Kushtetuese. Murrizi n\u00ebp\u00ebrmjet nj\u00eb postimi n\u00eb rrjete sociale \u00ebsht\u00eb shprehur me ton t\u00eb ashp\u00ebr se drejt\u00ebsia n\u00eb Shqip\u00ebri duhet t\u00eb shp\u00ebtoj\u00eb nga plehrat e fundit t\u00eb komunizmit t\u00eb cilat duhet t\u00eb qerohen nga t\u00eb gjitha [&hellip;]<\/p>\n","protected":false},"author":2039,"featured_media":306737,"comment_status":"closed","ping_status":"closed","sticky":false,"template":"","format":"standard","meta":{"footnotes":""},"categories":[1454],"tags":[],"class_list":{"0":"post-306736","1":"post","2":"type-post","3":"status-publish","4":"format-standard","5":"has-post-thumbnail","7":"category-politike"},"_links":{"self":[{"href":"https:\/\/zjarr.tv\/en\/wp-json\/wp\/v2\/posts\/306736","targetHints":{"allow":["GET"]}}],"collection":[{"href":"https:\/\/zjarr.tv\/en\/wp-json\/wp\/v2\/posts"}],"about":[{"href":"https:\/\/zjarr.tv\/en\/wp-json\/wp\/v2\/types\/post"}],"author":[{"embeddable":true,"href":"https:\/\/zjarr.tv\/en\/wp-json\/wp\/v2\/users\/2039"}],"replies":[{"embeddable":true,"href":"https:\/\/zjarr.tv\/en\/wp-json\/wp\/v2\/comments?post=306736"}],"version-history":[{"count":0,"href":"https:\/\/zjarr.tv\/en\/wp-json\/wp\/v2\/posts\/306736\/revisions"}],"wp:featuredmedia":[{"embeddable":true,"href":"https:\/\/zjarr.tv\/en\/wp-json\/wp\/v2\/media\/306737"}],"wp:attachment":[{"href":"https:\/\/zjarr.tv\/en\/wp-json\/wp\/v2\/media?parent=306736"}],"wp:term":[{"taxonomy":"category","embeddable":true,"href":"https:\/\/zjarr.tv\/en\/wp-json\/wp\/v2\/categories?post=306736"},{"taxonomy":"post_tag","embeddable":true,"href":"https:\/\/zjarr.tv\/en\/wp-json\/wp\/v2\/tags?post=306736"}],"curies":[{"name":"wp","href":"https:\/\/api.w.org\/{rel}","templated":true}]}}