{"id":306739,"date":"2022-12-21T09:02:11","date_gmt":"2022-12-21T08:02:11","guid":{"rendered":"https:\/\/zjarr.tv\/?p=306739"},"modified":"2022-12-21T09:02:11","modified_gmt":"2022-12-21T08:02:11","slug":"video-bella-ciao-sic-nuk-e-kemi-pare-kurre-me-mikrofon-ne-duar-rama-ja-merr-kenges","status":"publish","type":"post","link":"https:\/\/zjarr.tv\/en\/video-bella-ciao-sic-nuk-e-kemi-pare-kurre-me-mikrofon-ne-duar-rama-ja-merr-kenges\/","title":{"rendered":"VIDEO\/ \u201cBella ciao\u201d, si\u00e7 nuk e kemi par\u00eb kurr\u00eb, me mikrofon n\u00eb duar Rama ja merr k\u00ebng\u00ebs"},"content":{"rendered":"<p>Kryeministri Edi Rama p\u00ebrve\u00e7 piktur\u00ebs dhe rolit qeveritar, s\u00eb fundmi na ka ardhur si \u201ck\u00ebng\u00ebtar\u201d.<\/p>\n<p>Ka qen\u00eb vet\u00eb Rama ai i cili n\u00eb llogarin\u00eb e tij n\u00eb \u201cTikTok\u201d, ka publikuar nj\u00eb video ku shihet me mikrofon n\u00eb duar, dhe k\u00ebsaj here jo p\u00ebr t\u00eb mbajtur fjal\u00ebn ashtu si jemi m\u00ebsuar ta shohim, por t\u00eb k\u00ebndoj\u00eb.<\/p>\n<p>\u201cBella Ciao\u201d, \u00ebsht\u00eb k\u00ebnga t\u00eb cil\u00ebn kryeministri s\u00eb bashku me k\u00ebng\u00ebtarin, Andi Stafuka, kan\u00eb vendosur q\u00eb ta performojn\u00eb.<\/p>\n<div style=\"width: 576px;\" class=\"wp-video\"><video class=\"wp-video-shortcode\" id=\"video-306739-1\" width=\"576\" height=\"1024\" preload=\"metadata\" controls=\"controls\"><source type=\"video\/mp4\" src=\"https:\/\/zjarr.tv\/wp-content\/uploads\/2022\/12\/o5AbX.mp4?_=1\" \/><a href=\"https:\/\/zjarr.tv\/wp-content\/uploads\/2022\/12\/o5AbX.mp4\">https:\/\/zjarr.tv\/wp-content\/uploads\/2022\/12\/o5AbX.mp4<\/a><\/video><\/div>","protected":false},"excerpt":{"rendered":"<p>Kryeministri Edi Rama p\u00ebrve\u00e7 piktur\u00ebs dhe rolit qeveritar, s\u00eb fundmi na ka ardhur si \u201ck\u00ebng\u00ebtar\u201d. Ka qen\u00eb vet\u00eb Rama ai i cili n\u00eb llogarin\u00eb e tij n\u00eb \u201cTikTok\u201d, ka publikuar nj\u00eb video ku shihet me mikrofon n\u00eb duar, dhe k\u00ebsaj here jo p\u00ebr t\u00eb mbajtur fjal\u00ebn ashtu si jemi m\u00ebsuar ta shohim, por t\u00eb k\u00ebndoj\u00eb. [&hellip;]<\/p>\n","protected":false},"author":2031,"featured_media":295102,"comment_status":"closed","ping_status":"closed","sticky":false,"template":"","format":"standard","meta":{"footnotes":""},"categories":[231],"tags":[],"class_list":{"0":"post-306739","1":"post","2":"type-post","3":"status-publish","4":"format-standard","5":"has-post-thumbnail","7":"category-lajme"},"_links":{"self":[{"href":"https:\/\/zjarr.tv\/en\/wp-json\/wp\/v2\/posts\/306739","targetHints":{"allow":["GET"]}}],"collection":[{"href":"https:\/\/zjarr.tv\/en\/wp-json\/wp\/v2\/posts"}],"about":[{"href":"https:\/\/zjarr.tv\/en\/wp-json\/wp\/v2\/types\/post"}],"author":[{"embeddable":true,"href":"https:\/\/zjarr.tv\/en\/wp-json\/wp\/v2\/users\/2031"}],"replies":[{"embeddable":true,"href":"https:\/\/zjarr.tv\/en\/wp-json\/wp\/v2\/comments?post=306739"}],"version-history":[{"count":0,"href":"https:\/\/zjarr.tv\/en\/wp-json\/wp\/v2\/posts\/306739\/revisions"}],"wp:featuredmedia":[{"embeddable":true,"href":"https:\/\/zjarr.tv\/en\/wp-json\/wp\/v2\/media\/295102"}],"wp:attachment":[{"href":"https:\/\/zjarr.tv\/en\/wp-json\/wp\/v2\/media?parent=306739"}],"wp:term":[{"taxonomy":"category","embeddable":true,"href":"https:\/\/zjarr.tv\/en\/wp-json\/wp\/v2\/categories?post=306739"},{"taxonomy":"post_tag","embeddable":true,"href":"https:\/\/zjarr.tv\/en\/wp-json\/wp\/v2\/tags?post=306739"}],"curies":[{"name":"wp","href":"https:\/\/api.w.org\/{rel}","templated":true}]}}