{"id":306749,"date":"2022-12-21T09:30:39","date_gmt":"2022-12-21T08:30:39","guid":{"rendered":"https:\/\/zjarr.tv\/?p=306749"},"modified":"2022-12-21T09:30:39","modified_gmt":"2022-12-21T08:30:39","slug":"meta-mbizoterimi-i-lirise-dhe-i-te-drejtave-qytetare-eshte-i-lidhur-ngushte-me-fuqizimin-e-rolit-te-gruas","status":"publish","type":"post","link":"https:\/\/zjarr.tv\/en\/meta-mbizoterimi-i-lirise-dhe-i-te-drejtave-qytetare-eshte-i-lidhur-ngushte-me-fuqizimin-e-rolit-te-gruas\/","title":{"rendered":"Meta: Mbizot\u00ebrimi i liris\u00eb dhe i t\u00eb drejtave qytetare \u00ebsht\u00eb i lidhur ngusht\u00eb me fuqizimin e rolit t\u00eb gruas"},"content":{"rendered":"<p>Kryetari i Partis\u00eb s\u00eb Liris\u00eb, Ilir Meta, ka vler\u00ebsuar rolin e grave n\u00eb shoq\u00ebri. Me an\u00eb t\u00eb nj\u00eb postimi n\u00eb Facebook, kreu i PL thekson se mbizot\u00ebrimi i liris\u00eb dhe i t\u00eb drejtave qytetare \u00ebsht\u00eb i lidhur ngusht\u00eb me fuqizimin e rolit t\u00eb gruas.<\/p>\n<p>Sipas Met\u00ebs, ndryshimi q\u00eb po vjen do sjell\u00eb mund\u00ebsi t\u00eb shk\u00eblqyera q\u00eb z\u00ebri i grave, n\u00ebnave dhe vajzave t\u00eb d\u00ebgjohet me p\u00ebrul\u00ebsi.<\/p>\n<p>\u201cMbizot\u00ebrimi i liris\u00eb dhe i t\u00eb drejtave qytetare \u00ebsht\u00eb i lidhur ngusht\u00eb me fuqizimin e rolit t\u00eb gruas n\u00eb shoq\u00ebrin\u00eb ton\u00eb, n\u00eb komunitet dhe n\u00eb familje. Ndryshimi q\u00eb po vjen do sjell\u00eb mund\u00ebsi t\u00eb shk\u00eblqyera q\u00eb z\u00ebri i grave, n\u00ebnave dhe vajzave t\u00eb d\u00ebgjohet me p\u00ebrul\u00ebsi. K\u00ebnaq\u00ebsi q\u00eb bashk\u00eb me znj.Ada Demiraj t\u00eb shk\u00ebmbenim ide dhe mendime me gra dhe vajza t\u00eb kryeqytetit\u201d, shkruan Ilir Meta.<\/p>","protected":false},"excerpt":{"rendered":"<p>Kryetari i Partis\u00eb s\u00eb Liris\u00eb, Ilir Meta, ka vler\u00ebsuar rolin e grave n\u00eb shoq\u00ebri. Me an\u00eb t\u00eb nj\u00eb postimi n\u00eb Facebook, kreu i PL thekson se mbizot\u00ebrimi i liris\u00eb dhe i t\u00eb drejtave qytetare \u00ebsht\u00eb i lidhur ngusht\u00eb me fuqizimin e rolit t\u00eb gruas. Sipas Met\u00ebs, ndryshimi q\u00eb po vjen do sjell\u00eb mund\u00ebsi t\u00eb shk\u00eblqyera [&hellip;]<\/p>\n","protected":false},"author":2031,"featured_media":306750,"comment_status":"closed","ping_status":"closed","sticky":false,"template":"","format":"standard","meta":{"footnotes":""},"categories":[231],"tags":[],"class_list":{"0":"post-306749","1":"post","2":"type-post","3":"status-publish","4":"format-standard","5":"has-post-thumbnail","7":"category-lajme"},"_links":{"self":[{"href":"https:\/\/zjarr.tv\/en\/wp-json\/wp\/v2\/posts\/306749","targetHints":{"allow":["GET"]}}],"collection":[{"href":"https:\/\/zjarr.tv\/en\/wp-json\/wp\/v2\/posts"}],"about":[{"href":"https:\/\/zjarr.tv\/en\/wp-json\/wp\/v2\/types\/post"}],"author":[{"embeddable":true,"href":"https:\/\/zjarr.tv\/en\/wp-json\/wp\/v2\/users\/2031"}],"replies":[{"embeddable":true,"href":"https:\/\/zjarr.tv\/en\/wp-json\/wp\/v2\/comments?post=306749"}],"version-history":[{"count":0,"href":"https:\/\/zjarr.tv\/en\/wp-json\/wp\/v2\/posts\/306749\/revisions"}],"wp:featuredmedia":[{"embeddable":true,"href":"https:\/\/zjarr.tv\/en\/wp-json\/wp\/v2\/media\/306750"}],"wp:attachment":[{"href":"https:\/\/zjarr.tv\/en\/wp-json\/wp\/v2\/media?parent=306749"}],"wp:term":[{"taxonomy":"category","embeddable":true,"href":"https:\/\/zjarr.tv\/en\/wp-json\/wp\/v2\/categories?post=306749"},{"taxonomy":"post_tag","embeddable":true,"href":"https:\/\/zjarr.tv\/en\/wp-json\/wp\/v2\/tags?post=306749"}],"curies":[{"name":"wp","href":"https:\/\/api.w.org\/{rel}","templated":true}]}}