{"id":306757,"date":"2022-12-21T10:09:52","date_gmt":"2022-12-21T09:09:52","guid":{"rendered":"https:\/\/zjarr.tv\/?p=306757"},"modified":"2022-12-21T10:09:52","modified_gmt":"2022-12-21T09:09:52","slug":"ne-tirane-fillon-asfalti-elektoral-braimllari-koha-e-llogaridhenies-po-afron-bashkia-do-tiu-kthehet-qytetareve","status":"publish","type":"post","link":"https:\/\/zjarr.tv\/en\/ne-tirane-fillon-asfalti-elektoral-braimllari-koha-e-llogaridhenies-po-afron-bashkia-do-tiu-kthehet-qytetareve\/","title":{"rendered":"\u201cN\u00eb Tiran\u00eb fillon asfalti elektoral\u201d, Braimllari: Koha e llogaridh\u00ebnies po afron, bashkia do t\u2019iu kthehet qytetar\u00ebve"},"content":{"rendered":"<p>N\u00eb nj\u00eb status n\u00eb \u201cFacebook\u201d, Endrit Braimllari \u00ebsht\u00eb shprehur se bashkia do t\u2019i kthehet qytetar\u00ebve.<\/p>\n<p>Gjithashtu ai ka theksuar se n\u00eb prag t\u00eb zgjedhjeve vendore Bashkia e Tiran\u00ebs ka nd\u00ebrmarr\u00eb fushat\u00ebn e asfaltin, duke shtuar se zhduket pas \u00e7do shiu q\u00eb bie.<\/p>\n<p>Postimi i Braimllarit<\/p>\n<p>N\u00eb Tiran\u00eb fillon asfalti elektoral.<\/p>\n<p>\u00c7do gj\u00eb n\u00eb funksion t\u00eb zgjedhjeve, Veliaj jep 1.1 milion\u00eb euro p\u00ebr dy rrug\u00eb<\/p>\n<p>Pasi p\u00ebr vite me radh\u00eb dha qindra leje p\u00ebr kulla betoni, kreu n\u00eb ikje i Bashkis\u00eb s\u00eb Tiran\u00ebs \u00ebsht\u00eb kujtuar m\u00eb s\u00eb fundi edhe p\u00ebr t\u00eb p\u00ebrmir\u00ebsuar infrastruktur\u00ebn urbane dhe at\u00eb rurale.<\/p>\n<p>N\u00eb prag t\u00eb zgjedhjeve vendore, bashkia e tij ka nd\u00ebrmarr\u00eb fushat\u00ebn e asfaltit elektoral, i cili zhduket pas \u00e7do shiu q\u00eb bie.<\/p>\n<p>S\u00eb fundmi, bashkia e Veliajt ka shpallur dy prokurime p\u00ebr restaurimin e dy rrug\u00ebve t\u00eb tjera t\u00eb kryeqytetit me vler\u00eb totale 129 milion\u00eb lek\u00eb, ose 1.1 milion\u00eb euro.<\/p>\n<p>I pari \u00ebsht\u00eb p\u00ebr restaurimin e rrug\u00ebs s\u00eb \u201cMal\u00ebsor\u00ebve\u201d, ku Bashkia do t\u00eb shpenzoj\u00eb 607 mij\u00eb euro dhe i dyti \u00ebsht\u00eb p\u00ebr restaurimin e rrug\u00ebs tek Liqeni i \u201c\u00c7erkez\u00ebs\u201d me vler\u00eb 524 mij\u00eb euro.<\/p>\n<p>T\u00eb dyja k\u00ebto rrug\u00eb duhet t\u00eb p\u00ebrfundojn\u00eb brenda 6 muajve, pra fiks p\u00ebr zgjedhjet e ardhshme vendore.<\/p>\n<p>Nj\u00eb praktik\u00eb e dal\u00eb boje kjo e pinokut t\u00eb Tiran\u00ebs, i cili ende n\u00eb 2022 k\u00ebrkon t\u00eb mashtroj\u00eb qytetar\u00ebt me asfaalt.<\/p>\n<p>Koha e llogaridh\u00ebnies po afron, bashkia do i kthehet qytetar\u00ebve.<\/p>","protected":false},"excerpt":{"rendered":"<p>N\u00eb nj\u00eb status n\u00eb \u201cFacebook\u201d, Endrit Braimllari \u00ebsht\u00eb shprehur se bashkia do t\u2019i kthehet qytetar\u00ebve. Gjithashtu ai ka theksuar se n\u00eb prag t\u00eb zgjedhjeve vendore Bashkia e Tiran\u00ebs ka nd\u00ebrmarr\u00eb fushat\u00ebn e asfaltin, duke shtuar se zhduket pas \u00e7do shiu q\u00eb bie. Postimi i Braimllarit N\u00eb Tiran\u00eb fillon asfalti elektoral. \u00c7do gj\u00eb n\u00eb funksion t\u00eb [&hellip;]<\/p>\n","protected":false},"author":2031,"featured_media":299422,"comment_status":"closed","ping_status":"closed","sticky":false,"template":"","format":"standard","meta":{"footnotes":""},"categories":[231],"tags":[],"class_list":{"0":"post-306757","1":"post","2":"type-post","3":"status-publish","4":"format-standard","5":"has-post-thumbnail","7":"category-lajme"},"_links":{"self":[{"href":"https:\/\/zjarr.tv\/en\/wp-json\/wp\/v2\/posts\/306757","targetHints":{"allow":["GET"]}}],"collection":[{"href":"https:\/\/zjarr.tv\/en\/wp-json\/wp\/v2\/posts"}],"about":[{"href":"https:\/\/zjarr.tv\/en\/wp-json\/wp\/v2\/types\/post"}],"author":[{"embeddable":true,"href":"https:\/\/zjarr.tv\/en\/wp-json\/wp\/v2\/users\/2031"}],"replies":[{"embeddable":true,"href":"https:\/\/zjarr.tv\/en\/wp-json\/wp\/v2\/comments?post=306757"}],"version-history":[{"count":0,"href":"https:\/\/zjarr.tv\/en\/wp-json\/wp\/v2\/posts\/306757\/revisions"}],"wp:featuredmedia":[{"embeddable":true,"href":"https:\/\/zjarr.tv\/en\/wp-json\/wp\/v2\/media\/299422"}],"wp:attachment":[{"href":"https:\/\/zjarr.tv\/en\/wp-json\/wp\/v2\/media?parent=306757"}],"wp:term":[{"taxonomy":"category","embeddable":true,"href":"https:\/\/zjarr.tv\/en\/wp-json\/wp\/v2\/categories?post=306757"},{"taxonomy":"post_tag","embeddable":true,"href":"https:\/\/zjarr.tv\/en\/wp-json\/wp\/v2\/tags?post=306757"}],"curies":[{"name":"wp","href":"https:\/\/api.w.org\/{rel}","templated":true}]}}