{"id":306761,"date":"2022-12-21T11:01:43","date_gmt":"2022-12-21T10:01:43","guid":{"rendered":"https:\/\/zjarr.tv\/?p=306761"},"modified":"2022-12-21T11:01:43","modified_gmt":"2022-12-21T10:01:43","slug":"marreveshja-e-detit-xhacka-pas-takimit-me-homologun-grek-kompromis-per-ta-cuar-ne-gjykaten-e-hages-do-punohet-edhe-per-pensionet","status":"publish","type":"post","link":"https:\/\/zjarr.tv\/en\/marreveshja-e-detit-xhacka-pas-takimit-me-homologun-grek-kompromis-per-ta-cuar-ne-gjykaten-e-hages-do-punohet-edhe-per-pensionet\/","title":{"rendered":"Marr\u00ebveshja e detit, Xha\u00e7ka pas takimit me homologun grek: Kompromis p\u00ebr ta \u00e7uar n\u00eb Gjykat\u00ebn e Hag\u00ebs, do punohet edhe p\u00ebr pensionet"},"content":{"rendered":"<p>Ministrja e Jashtme, Olta Xha\u00e7ka gjat\u00eb nj\u00eb kofnference t\u00eb p\u00ebrbashk\u00ebt me homologun e saj grek. Nikos Dendias, b\u00ebri me dije se gjat\u00eb takimit u diskutua lidhur me marr\u00ebveshjen e detit,ku theksoi se ka vullnet p\u00ebr kompromis p\u00ebr referimin e k\u00ebsaj \u00e7\u00ebshtjeje n\u00eb Hag\u00eb.<\/p>\n<p>Gjithashtu ajo tha do t\u00eb punohet edhe p\u00ebr nj\u00eb marr\u00ebveshje p\u00ebr pensionet nga e cila do t\u00eb p\u00ebrfitojn\u00eb shqiptar\u00ebt q\u00eb punojn\u00eb dhe jetojn\u00eb n\u00eb Greqi.<\/p>\n<p>\u201cKemi mir\u00ebkuptim p\u00ebr t\u00eb trajtuar dhe p\u00ebr t\u00eb k\u00ebrkuar zgjidhje p\u00ebr t\u00eb gjitha \u00e7\u00ebshtjet, nj\u00eb nga ajo, ishte dhe marr\u00ebveshja me detit, t\u00eb dyja pal\u00ebt kan\u00eb vullnetit p\u00ebr nj\u00eb kompromis p\u00ebr referimin e \u00e7\u00ebshtjet n\u00eb Hag\u00eb, bashk\u00ebpunimi, si fusha sociale, kultura, jan\u00eb ura p\u00ebr thellimin e bashk\u00ebpunimit.<\/p>\n<p>Produkt \u00ebsht\u00eb edhe k\u00ebrkesa jon\u00eb p\u00ebr negocimin dhe n\u00ebnshkrimin p\u00ebr pensionet, nga i cili do t\u00eb p\u00ebrfitojn\u00eb dhe shqiptar\u00ebt q\u00eb punojn\u00eb dhe jetojn\u00eb n\u00eb Shqip\u00ebri, sa i p\u00ebrket situat\u00ebs n\u00eb rajon, por edhe m\u00eb tej, Dendias vjen nga nj\u00eb tur rajonal, fol\u00ebm p\u00ebr rajonin dhe Europ\u00ebn, d\u00ebnojm\u00eb sulmin n\u00eb Ukrain\u00eb, integrimi i Ballkanit per\u00ebndimor merr p\u00ebrpar\u00ebsi dhe p\u00ebrfshin dhe Kosov\u00ebn. Greqia \u00ebsht\u00eb mb\u00ebshtetes\u00eb p\u00ebr integrimin ton\u00eb dhe m\u00eb lejo t\u00eb t\u00eb falenderoj, p\u00ebr k\u00ebt\u00eb proces jetik\u201d, tha Xha\u00e7ka.<\/p>","protected":false},"excerpt":{"rendered":"<p>Ministrja e Jashtme, Olta Xha\u00e7ka gjat\u00eb nj\u00eb kofnference t\u00eb p\u00ebrbashk\u00ebt me homologun e saj grek. Nikos Dendias, b\u00ebri me dije se gjat\u00eb takimit u diskutua lidhur me marr\u00ebveshjen e detit,ku theksoi se ka vullnet p\u00ebr kompromis p\u00ebr referimin e k\u00ebsaj \u00e7\u00ebshtjeje n\u00eb Hag\u00eb. Gjithashtu ajo tha do t\u00eb punohet edhe p\u00ebr nj\u00eb marr\u00ebveshje p\u00ebr pensionet [&hellip;]<\/p>\n","protected":false},"author":2031,"featured_media":132037,"comment_status":"closed","ping_status":"closed","sticky":false,"template":"","format":"standard","meta":{"footnotes":""},"categories":[231],"tags":[],"class_list":{"0":"post-306761","1":"post","2":"type-post","3":"status-publish","4":"format-standard","5":"has-post-thumbnail","7":"category-lajme"},"_links":{"self":[{"href":"https:\/\/zjarr.tv\/en\/wp-json\/wp\/v2\/posts\/306761","targetHints":{"allow":["GET"]}}],"collection":[{"href":"https:\/\/zjarr.tv\/en\/wp-json\/wp\/v2\/posts"}],"about":[{"href":"https:\/\/zjarr.tv\/en\/wp-json\/wp\/v2\/types\/post"}],"author":[{"embeddable":true,"href":"https:\/\/zjarr.tv\/en\/wp-json\/wp\/v2\/users\/2031"}],"replies":[{"embeddable":true,"href":"https:\/\/zjarr.tv\/en\/wp-json\/wp\/v2\/comments?post=306761"}],"version-history":[{"count":0,"href":"https:\/\/zjarr.tv\/en\/wp-json\/wp\/v2\/posts\/306761\/revisions"}],"wp:featuredmedia":[{"embeddable":true,"href":"https:\/\/zjarr.tv\/en\/wp-json\/wp\/v2\/media\/132037"}],"wp:attachment":[{"href":"https:\/\/zjarr.tv\/en\/wp-json\/wp\/v2\/media?parent=306761"}],"wp:term":[{"taxonomy":"category","embeddable":true,"href":"https:\/\/zjarr.tv\/en\/wp-json\/wp\/v2\/categories?post=306761"},{"taxonomy":"post_tag","embeddable":true,"href":"https:\/\/zjarr.tv\/en\/wp-json\/wp\/v2\/tags?post=306761"}],"curies":[{"name":"wp","href":"https:\/\/api.w.org\/{rel}","templated":true}]}}