{"id":306768,"date":"2022-12-21T11:39:38","date_gmt":"2022-12-21T10:39:38","guid":{"rendered":"https:\/\/zjarr.tv\/?p=306768"},"modified":"2022-12-21T11:46:00","modified_gmt":"2022-12-21T10:46:00","slug":"mbi-punen-dhe-te-verteten-gjergj-luca-shpallet-personazhi-i-vitit","status":"publish","type":"post","link":"https:\/\/zjarr.tv\/en\/mbi-punen-dhe-te-verteten-gjergj-luca-shpallet-personazhi-i-vitit\/","title":{"rendered":"Mbi pun\u00ebn dhe t\u00eb v\u00ebrtet\u00ebn&#8230; Gjergj Luca shpallet &#8220;Personazhi i Vitit&#8221;"},"content":{"rendered":"<p>Nj\u00eb personazh i v\u00ebrtet\u00eb, me nj\u00eb zem\u00ebr t\u00eb madhe ndaj pun\u00ebtorit t\u00eb thjesht\u00eb, me nj\u00eb kritik\u00eb t\u00eb ashp\u00ebr p\u00ebr realitetin e politik\u00ebn dhe me fjal\u00eb motivuese p\u00ebr pun\u00ebn ndaj \u00e7do t\u00eb riu n\u00eb k\u00ebt\u00eb vend t\u00eb bekuar, vjen gjithmon\u00eb Gjergj Luca, biznesmeni, i cili me shembullin e tij, k\u00ebrkon t\u00eb frym\u00ebzoj\u00eb t\u00eb rinjt\u00eb e t\u00eb rejat.<\/p>\n<p>Ai q\u00eb me durim dhe pasion p\u00ebrballoi dallg\u00ebt e ashpra t\u00eb detit p\u00ebr t&#8217;i shkuar deri n\u00eb fund \u00ebndrr\u00ebs.<\/p>\n<p>Gjergj Luca u shpall &#8220;Personazhi i Vitit&#8221;, dit\u00ebn e djeshme, e teksa mbante n\u00eb dor\u00eb \u00e7mimin u shpreh se &#8220;E v\u00ebteta del nga puna! Nj\u00eb e v\u00ebrtet\u00eb q\u00eb duhet promovuar. Nj\u00eb e v\u00ebrtet\u00eb q\u00eb ka nevoj\u00eb ky vend \u00ebsht\u00eb e v\u00ebrteta q\u00eb korrigjon planet e k\u00ebtij vendi! E v\u00ebrteta q\u00eb sjell ndryshimin!&#8221; <\/p>\n<p><a href=\"https:\/\/fb.watch\/hyCYw8cprD\/\">Video e plot\u00eb<\/a><\/p>","protected":false},"excerpt":{"rendered":"<p>Nj\u00eb personazh i v\u00ebrtet\u00eb, me nj\u00eb zem\u00ebr t\u00eb madhe ndaj pun\u00ebtorit t\u00eb thjesht\u00eb, me nj\u00eb kritik\u00eb t\u00eb ashp\u00ebr p\u00ebr realitetin e politik\u00ebn dhe me fjal\u00eb motivuese p\u00ebr pun\u00ebn ndaj \u00e7do t\u00eb riu n\u00eb k\u00ebt\u00eb vend t\u00eb bekuar, vjen gjithmon\u00eb Gjergj Luca, biznesmeni, i cili me shembullin e tij, k\u00ebrkon t\u00eb frym\u00ebzoj\u00eb t\u00eb rinjt\u00eb e t\u00eb [&hellip;]<\/p>\n","protected":false},"author":2031,"featured_media":301971,"comment_status":"closed","ping_status":"closed","sticky":false,"template":"","format":"standard","meta":{"footnotes":""},"categories":[231],"tags":[],"class_list":{"0":"post-306768","1":"post","2":"type-post","3":"status-publish","4":"format-standard","5":"has-post-thumbnail","7":"category-lajme"},"_links":{"self":[{"href":"https:\/\/zjarr.tv\/en\/wp-json\/wp\/v2\/posts\/306768","targetHints":{"allow":["GET"]}}],"collection":[{"href":"https:\/\/zjarr.tv\/en\/wp-json\/wp\/v2\/posts"}],"about":[{"href":"https:\/\/zjarr.tv\/en\/wp-json\/wp\/v2\/types\/post"}],"author":[{"embeddable":true,"href":"https:\/\/zjarr.tv\/en\/wp-json\/wp\/v2\/users\/2031"}],"replies":[{"embeddable":true,"href":"https:\/\/zjarr.tv\/en\/wp-json\/wp\/v2\/comments?post=306768"}],"version-history":[{"count":0,"href":"https:\/\/zjarr.tv\/en\/wp-json\/wp\/v2\/posts\/306768\/revisions"}],"wp:featuredmedia":[{"embeddable":true,"href":"https:\/\/zjarr.tv\/en\/wp-json\/wp\/v2\/media\/301971"}],"wp:attachment":[{"href":"https:\/\/zjarr.tv\/en\/wp-json\/wp\/v2\/media?parent=306768"}],"wp:term":[{"taxonomy":"category","embeddable":true,"href":"https:\/\/zjarr.tv\/en\/wp-json\/wp\/v2\/categories?post=306768"},{"taxonomy":"post_tag","embeddable":true,"href":"https:\/\/zjarr.tv\/en\/wp-json\/wp\/v2\/tags?post=306768"}],"curies":[{"name":"wp","href":"https:\/\/api.w.org\/{rel}","templated":true}]}}