{"id":306781,"date":"2022-12-21T12:04:42","date_gmt":"2022-12-21T11:04:42","guid":{"rendered":"https:\/\/zjarr.tv\/?p=306781"},"modified":"2022-12-21T12:52:37","modified_gmt":"2022-12-21T11:52:37","slug":"perurimi-i-punimeve-te-teatrit-te-ri-kombetar-rama-kemi-bere-pazar-te-mire-me-arkitektin","status":"publish","type":"post","link":"https:\/\/zjarr.tv\/en\/perurimi-i-punimeve-te-teatrit-te-ri-kombetar-rama-kemi-bere-pazar-te-mire-me-arkitektin\/","title":{"rendered":"P\u00ebrurimi i punimeve t\u00eb Teatrit t\u00eb ri Komb\u00ebtar, Rama: Kemi b\u00ebr\u00eb pazar t\u00eb mir\u00eb me arkitektin"},"content":{"rendered":"<p>Sot, 21 dhjetor, \u00ebsht\u00eb dita e ceremonis\u00eb p\u00ebr p\u00ebrurimin e punimeve p\u00ebr Teatrin e ri Komb\u00ebtar n\u00eb Tiran\u00eb.<\/p>\n<p>N\u00eb ceromonin\u00eb e p\u00ebrurimit t\u00eb pranish\u00ebm ishin, kryeministri Edi Rama, kryebashkiaku, Erion Veliaj, arkitekti danez Bjarke Inglez si edhe aktor\u00eb t\u00eb ndrysh\u00ebm.<\/p>\n<p>Gjat\u00eb fjal\u00ebs s\u00eb tij n\u00eb p\u00ebrurimin e punimeve, Rama tha se Teatri i ri do t\u00eb jet\u00eb nj\u00eb tjet\u00ebr guri \u00e7muar n\u00eb gjerdanin e veprave q\u00eb kan\u00eb nxjerr\u00eb Tiran\u00ebn nga korniza e vjet\u00ebr q\u00eb mbante nd\u00ebr vite.<\/p>\n<p><em>\u201cTeatri i ri do t\u00eb jet\u00eb nj\u00eb godin\u00eb e denj\u00eb p\u00ebr t\u00eb mbajtur emrin e Teatrit Komb\u00ebtar\u201d<\/em>, tha Rama, nd\u00ebrsa nuk kurseu komentet p\u00ebr kund\u00ebrshtimin e opozit\u00ebs dhe t\u00eb aktor\u00ebve p\u00ebr nd\u00ebrtimin e tij.<\/p>\n<figure><img decoding=\"async\" src=\"https:\/\/i.imgur.com\/l7bgfeN.jpg\"><\/figure>\n<figure><img decoding=\"async\" src=\"https:\/\/i.imgur.com\/l7bgfeN.jpg\"><\/figure>\n<figure><img decoding=\"async\" src=\"https:\/\/i.imgur.com\/l7bgfeN.jpg\"><\/figure>\n<figure><img decoding=\"async\" src=\"https:\/\/i.imgur.com\/l7bgfeN.jpg\"><\/figure>\n<figure><img decoding=\"async\" src=\"https:\/\/i.imgur.com\/l7bgfeN.jpg\"><\/figure>\n<p>Rama tha se kund\u00ebrshtimi i opozit\u00ebs \u00ebsht\u00eb pjes\u00eb e startegjis\u00eb s\u00eb saj, pasi sipas tij, opozita ka kund\u00ebrshtuar gjithmon\u00eb projektet e reja n\u00eb Shqip\u00ebri. P\u00ebr sa i p\u00ebrket kund\u00ebrshtimit t\u00eb projektit nga artist\u00ebt, Rama tha se komuniteti i aktor\u00ebve ndoshta ka qen\u00eb pajtuar me realitetin p\u00ebr pamund\u00ebisn\u00eb p\u00ebr t\u00eb ndryshuar kushtet e v\u00ebshtira t\u00eb infrastruktur\u00ebs s\u00eb teatrit t\u00eb vjet\u00ebr.<\/p>\n<p><em>\u201cU krijua n\u00eb instinkt vet\u00ebmbrojtjeje, se kjo mund t\u00eb ishte alibi p\u00ebr t\u00eb b\u00ebr\u00eb zhvillim dhe do t\u00eb mbetej n\u00ebn barkun e nj\u00eb kulle\u201d,<\/em> tha Rama.<\/p>\n<p>Nd\u00ebrsa falenderoi arkitektin danez, duke th\u00ebn\u00eb se \u00ebsht\u00eb nj\u00eb nga m\u00eb t\u00eb mir\u00ebt dhe t\u00eb shtrenjt\u00ebt.<\/p>\n<p>Mes batutash Rama tha:<em>\u00a0\u201cKemi b\u00ebr\u00eb Pazar t\u00eb mir\u00eb me arkitetktin\u201d.<\/em><\/p>","protected":false},"excerpt":{"rendered":"<p>Sot, 21 dhjetor, \u00ebsht\u00eb dita e ceremonis\u00eb p\u00ebr p\u00ebrurimin e punimeve p\u00ebr Teatrin e ri Komb\u00ebtar n\u00eb Tiran\u00eb. N\u00eb ceromonin\u00eb e p\u00ebrurimit t\u00eb pranish\u00ebm ishin, kryeministri Edi Rama, kryebashkiaku, Erion Veliaj, arkitekti danez Bjarke Inglez si edhe aktor\u00eb t\u00eb ndrysh\u00ebm. Gjat\u00eb fjal\u00ebs s\u00eb tij n\u00eb p\u00ebrurimin e punimeve, Rama tha se Teatri i ri do [&hellip;]<\/p>\n","protected":false},"author":2037,"featured_media":300144,"comment_status":"closed","ping_status":"closed","sticky":false,"template":"","format":"standard","meta":{"footnotes":""},"categories":[241,364,231,1454,235],"tags":[],"class_list":{"0":"post-306781","1":"post","2":"type-post","3":"status-publish","4":"format-standard","5":"has-post-thumbnail","7":"category-aktualitet","8":"category-koment-opinion","9":"category-lajme","10":"category-politike","11":"category-vendi"},"_links":{"self":[{"href":"https:\/\/zjarr.tv\/en\/wp-json\/wp\/v2\/posts\/306781","targetHints":{"allow":["GET"]}}],"collection":[{"href":"https:\/\/zjarr.tv\/en\/wp-json\/wp\/v2\/posts"}],"about":[{"href":"https:\/\/zjarr.tv\/en\/wp-json\/wp\/v2\/types\/post"}],"author":[{"embeddable":true,"href":"https:\/\/zjarr.tv\/en\/wp-json\/wp\/v2\/users\/2037"}],"replies":[{"embeddable":true,"href":"https:\/\/zjarr.tv\/en\/wp-json\/wp\/v2\/comments?post=306781"}],"version-history":[{"count":0,"href":"https:\/\/zjarr.tv\/en\/wp-json\/wp\/v2\/posts\/306781\/revisions"}],"wp:featuredmedia":[{"embeddable":true,"href":"https:\/\/zjarr.tv\/en\/wp-json\/wp\/v2\/media\/300144"}],"wp:attachment":[{"href":"https:\/\/zjarr.tv\/en\/wp-json\/wp\/v2\/media?parent=306781"}],"wp:term":[{"taxonomy":"category","embeddable":true,"href":"https:\/\/zjarr.tv\/en\/wp-json\/wp\/v2\/categories?post=306781"},{"taxonomy":"post_tag","embeddable":true,"href":"https:\/\/zjarr.tv\/en\/wp-json\/wp\/v2\/tags?post=306781"}],"curies":[{"name":"wp","href":"https:\/\/api.w.org\/{rel}","templated":true}]}}