{"id":306783,"date":"2022-12-21T12:09:05","date_gmt":"2022-12-21T11:09:05","guid":{"rendered":"https:\/\/zjarr.tv\/?p=306783"},"modified":"2022-12-21T14:19:56","modified_gmt":"2022-12-21T13:19:56","slug":"nga-robert-ndrenika-e-tinka-kurti-cilet-jane-aktoret-qe-marrin-pjese-ne-ceremonine-e-nisjes-se-punimeve-per-ndertimin-e-teatrit-te-ri","status":"publish","type":"post","link":"https:\/\/zjarr.tv\/en\/nga-robert-ndrenika-e-tinka-kurti-cilet-jane-aktoret-qe-marrin-pjese-ne-ceremonine-e-nisjes-se-punimeve-per-ndertimin-e-teatrit-te-ri\/","title":{"rendered":"Nga Robert Ndrenika e Tinka Kurti, cil\u00ebt jan\u00eb aktor\u00ebt q\u00eb marrin pjes\u00eb n\u00eb ceremonin\u00eb e nisjes s\u00eb punimeve p\u00ebr nd\u00ebrtimin e Teatrit t\u00eb Ri"},"content":{"rendered":"<figure><img decoding=\"async\" src=\"https:\/\/i.imgur.com\/l7bgfeN.jpg\"><\/figure>\n<figure><img decoding=\"async\" src=\"https:\/\/i.imgur.com\/l7bgfeN.jpg\"><\/figure>\n<figure><img decoding=\"async\" src=\"https:\/\/i.imgur.com\/l7bgfeN.jpg\"><\/figure>\n<figure><img decoding=\"async\" src=\"https:\/\/i.imgur.com\/l7bgfeN.jpg\"><\/figure>\n<figure><img decoding=\"async\" src=\"https:\/\/i.imgur.com\/l7bgfeN.jpg\"><\/figure>\n<p>Robert Ndrenika, Luiza Xhuvani, Artan Imami, Tinka Kurti, Luftar Paja, e shum\u00eb emra t\u00eb tjer\u00eb, q\u00eb kan\u00eb l\u00ebn\u00eb gjurm\u00eb n\u00eb sken\u00ebn e Teatrit Komb\u00ebtar, ishin t\u00eb pranish\u00ebm n\u00eb ceremonin\u00eb e vendosjes s\u00eb gurthemelit p\u00ebr nd\u00ebrtimin e godin\u00ebs s\u00eb Teatrit t\u00eb Ri.<\/p>\n<p>Po ashtu, t\u00eb pranish\u00ebm ishin dhe artist\u00eb t\u00eb tjer\u00eb si Kastriot \u00c7aushi, Dritan Bori\u00e7i, Gaz Paja, Lulzim Zeqja, Arben Derhemi, Indrit \u00c7obani dhe drejtori i ri i teatrit, Altin Basha.<\/p>\n<p>Sot u \u00e7el\u00ebn zyrtarisht punimet p\u00ebr godin\u00ebn e re, e cila do t\u00eb jet\u00eb nj\u00eb tjet\u00ebr vep\u00ebr arkitektonike mbres\u00ebl\u00ebn\u00ebse e Tiran\u00ebs s\u00eb shekullit XXI, q\u00eb nj\u00ebsoj si stadiumi i ri komb\u00ebtar do t\u2019u sh\u00ebrbej\u00eb me kushtet m\u00eb optimale aktor\u00ebve e spektator\u00ebve, po edhe do t\u00eb hyj\u00eb me dinjitet n\u00eb radh\u00ebn e objekteve m\u00eb t\u00eb mira t\u00eb t\u00eb nj\u00ebjtit lloj n\u00eb Europ\u00eb.<\/p>","protected":false},"excerpt":{"rendered":"<p>Robert Ndrenika, Luiza Xhuvani, Artan Imami, Tinka Kurti, Luftar Paja, e shum\u00eb emra t\u00eb tjer\u00eb, q\u00eb kan\u00eb l\u00ebn\u00eb gjurm\u00eb n\u00eb sken\u00ebn e Teatrit Komb\u00ebtar, ishin t\u00eb pranish\u00ebm n\u00eb ceremonin\u00eb e vendosjes s\u00eb gurthemelit p\u00ebr nd\u00ebrtimin e godin\u00ebs s\u00eb Teatrit t\u00eb Ri. Po ashtu, t\u00eb pranish\u00ebm ishin dhe artist\u00eb t\u00eb tjer\u00eb si Kastriot \u00c7aushi, Dritan Bori\u00e7i, [&hellip;]<\/p>\n","protected":false},"author":2037,"featured_media":306784,"comment_status":"closed","ping_status":"closed","sticky":false,"template":"","format":"standard","meta":{"footnotes":""},"categories":[241,364,337,231,235],"tags":[],"class_list":{"0":"post-306783","1":"post","2":"type-post","3":"status-publish","4":"format-standard","5":"has-post-thumbnail","7":"category-aktualitet","8":"category-koment-opinion","9":"category-kulture","10":"category-lajme","11":"category-vendi"},"_links":{"self":[{"href":"https:\/\/zjarr.tv\/en\/wp-json\/wp\/v2\/posts\/306783","targetHints":{"allow":["GET"]}}],"collection":[{"href":"https:\/\/zjarr.tv\/en\/wp-json\/wp\/v2\/posts"}],"about":[{"href":"https:\/\/zjarr.tv\/en\/wp-json\/wp\/v2\/types\/post"}],"author":[{"embeddable":true,"href":"https:\/\/zjarr.tv\/en\/wp-json\/wp\/v2\/users\/2037"}],"replies":[{"embeddable":true,"href":"https:\/\/zjarr.tv\/en\/wp-json\/wp\/v2\/comments?post=306783"}],"version-history":[{"count":0,"href":"https:\/\/zjarr.tv\/en\/wp-json\/wp\/v2\/posts\/306783\/revisions"}],"wp:featuredmedia":[{"embeddable":true,"href":"https:\/\/zjarr.tv\/en\/wp-json\/wp\/v2\/media\/306784"}],"wp:attachment":[{"href":"https:\/\/zjarr.tv\/en\/wp-json\/wp\/v2\/media?parent=306783"}],"wp:term":[{"taxonomy":"category","embeddable":true,"href":"https:\/\/zjarr.tv\/en\/wp-json\/wp\/v2\/categories?post=306783"},{"taxonomy":"post_tag","embeddable":true,"href":"https:\/\/zjarr.tv\/en\/wp-json\/wp\/v2\/tags?post=306783"}],"curies":[{"name":"wp","href":"https:\/\/api.w.org\/{rel}","templated":true}]}}