{"id":306788,"date":"2022-12-21T12:48:01","date_gmt":"2022-12-21T11:48:01","guid":{"rendered":"https:\/\/zjarr.tv\/?p=306788"},"modified":"2022-12-21T14:11:56","modified_gmt":"2022-12-21T13:11:56","slug":"belind-kellici-po-sulmohem-per-zgjedhjet-e-zemres-une-sjam-dhendri-i-shkrelit-por-djali-i-zamirit-dhe-suzanes","status":"publish","type":"post","link":"https:\/\/zjarr.tv\/en\/belind-kellici-po-sulmohem-per-zgjedhjet-e-zemres-une-sjam-dhendri-i-shkrelit-por-djali-i-zamirit-dhe-suzanes\/","title":{"rendered":"Belind K\u00eblli\u00e7i: Po sulmohem p\u00ebr zgjedhjet e zemr\u00ebs, un\u00eb s&#8217;jam dh\u00ebndri i Shkrelit, por djali i Zamirit dhe Suzan\u00ebs"},"content":{"rendered":"<figure><img decoding=\"async\" src=\"https:\/\/i.imgur.com\/l7bgfeN.jpg\"><\/figure>\n<figure><img decoding=\"async\" src=\"https:\/\/i.imgur.com\/l7bgfeN.jpg\"><\/figure>\n<figure><img decoding=\"async\" src=\"https:\/\/i.imgur.com\/l7bgfeN.jpg\"><\/figure>\n<figure><img decoding=\"async\" src=\"https:\/\/i.imgur.com\/l7bgfeN.jpg\"><\/figure>\n<figure><img decoding=\"async\" src=\"https:\/\/i.imgur.com\/l7bgfeN.jpg\"><\/figure>\n<p>Kandidati i PD-s\u00eb p\u00ebr Bashkin\u00eb e Tiran\u00ebs, Belind K\u00eblli\u00e7i, u p\u00ebrgjigj p\u00ebr akuzat lidhur me vjehrrin e tij Artan Shkreli, lidhur me \u00e7\u00ebshtjen e prishjes s\u00eb pallateve tek &#8220;Myslim Keta&#8221;, ku ai doli t\u00eb protestonte.<\/p>\n<p>Ai tha se ai nuk ka biseduar me Shkrelin lidhur me k\u00ebt\u00eb \u00e7\u00ebshtje dhe se jeton nj\u00eb bot\u00eb demokratike ku secili \u00ebsht\u00eb krenar p\u00ebr zgjedhjet e zemr\u00ebs s\u00eb tij.<\/p>\n<p><strong>K\u00eblli\u00e7i:<\/strong>\u00a0<em>P\u00ebr mua \u00ebsht\u00eb nj\u00eb lajm i mir\u00eb q\u00eb Veliaj ka konsumuar \u00e7do akuz\u00eb publike t\u00eb mundshme, qysh nga aferat me Ndrag\u00ebt\u00ebn deri tek vrasja e Ardit Gjoklajt, me mafien e betonit dhe plehrave. Un\u00eb po sulmohen pse kam zgjedhur me zem\u00ebr dhe jo me parti.<\/em><\/p>\n<p><em>Deri kur ka ndodhur ngjarja un\u00eb nuk kam biseduar fare me t\u00eb dhe nuk m\u00eb rezulton k\u00ebshtu. Duke qen\u00eb se jetojm\u00eb n\u00eb nj\u00eb bot\u00eb demokratike, gjykoj se secili mban p\u00ebrgjegj\u00ebsi p\u00ebr aktet e veta. P\u00ebr k\u00ebt\u00eb marr\u00ebdh\u00ebnie time nuk \u00ebsht\u00eb se m\u00eb ka ndikuar ndonj\u00ebher\u00eb.\u00a0<\/em><\/p>\n<p><em>Mua m\u00eb njohin si djalin si Zamir dhe Suzana K\u00ebll\u00eb\u00e7it, jo nga vjehrri. Jam krenar p\u00ebr zgjedhjet e mia n\u00eb jet\u00eb dhe p\u00ebr derisa nuk kam akuza p\u00ebr korrupsion, dhe e vetmja shkelje ligji \u00ebsht\u00eb ndonj\u00eb gjob\u00eb parkimi.<\/em><\/p>\n<figure><img decoding=\"async\" src=\"https:\/\/i.imgur.com\/l7bgfeN.jpg\"><\/figure>\n<figure><img decoding=\"async\" src=\"https:\/\/i.imgur.com\/l7bgfeN.jpg\"><\/figure>\n<figure><img decoding=\"async\" src=\"https:\/\/i.imgur.com\/l7bgfeN.jpg\"><\/figure>\n<figure><img decoding=\"async\" src=\"https:\/\/i.imgur.com\/l7bgfeN.jpg\"><\/figure>\n<figure><img decoding=\"async\" src=\"https:\/\/i.imgur.com\/l7bgfeN.jpg\"><\/figure>","protected":false},"excerpt":{"rendered":"<p>Kandidati i PD-s\u00eb p\u00ebr Bashkin\u00eb e Tiran\u00ebs, Belind K\u00eblli\u00e7i, u p\u00ebrgjigj p\u00ebr akuzat lidhur me vjehrrin e tij Artan Shkreli, lidhur me \u00e7\u00ebshtjen e prishjes s\u00eb pallateve tek &#8220;Myslim Keta&#8221;, ku ai doli t\u00eb protestonte. Ai tha se ai nuk ka biseduar me Shkrelin lidhur me k\u00ebt\u00eb \u00e7\u00ebshtje dhe se jeton nj\u00eb bot\u00eb demokratike ku [&hellip;]<\/p>\n","protected":false},"author":2037,"featured_media":306178,"comment_status":"closed","ping_status":"closed","sticky":false,"template":"","format":"standard","meta":{"footnotes":""},"categories":[241,364,231,1454,235],"tags":[],"class_list":{"0":"post-306788","1":"post","2":"type-post","3":"status-publish","4":"format-standard","5":"has-post-thumbnail","7":"category-aktualitet","8":"category-koment-opinion","9":"category-lajme","10":"category-politike","11":"category-vendi"},"_links":{"self":[{"href":"https:\/\/zjarr.tv\/en\/wp-json\/wp\/v2\/posts\/306788","targetHints":{"allow":["GET"]}}],"collection":[{"href":"https:\/\/zjarr.tv\/en\/wp-json\/wp\/v2\/posts"}],"about":[{"href":"https:\/\/zjarr.tv\/en\/wp-json\/wp\/v2\/types\/post"}],"author":[{"embeddable":true,"href":"https:\/\/zjarr.tv\/en\/wp-json\/wp\/v2\/users\/2037"}],"replies":[{"embeddable":true,"href":"https:\/\/zjarr.tv\/en\/wp-json\/wp\/v2\/comments?post=306788"}],"version-history":[{"count":0,"href":"https:\/\/zjarr.tv\/en\/wp-json\/wp\/v2\/posts\/306788\/revisions"}],"wp:featuredmedia":[{"embeddable":true,"href":"https:\/\/zjarr.tv\/en\/wp-json\/wp\/v2\/media\/306178"}],"wp:attachment":[{"href":"https:\/\/zjarr.tv\/en\/wp-json\/wp\/v2\/media?parent=306788"}],"wp:term":[{"taxonomy":"category","embeddable":true,"href":"https:\/\/zjarr.tv\/en\/wp-json\/wp\/v2\/categories?post=306788"},{"taxonomy":"post_tag","embeddable":true,"href":"https:\/\/zjarr.tv\/en\/wp-json\/wp\/v2\/tags?post=306788"}],"curies":[{"name":"wp","href":"https:\/\/api.w.org\/{rel}","templated":true}]}}