{"id":306792,"date":"2022-12-21T13:20:41","date_gmt":"2022-12-21T12:20:41","guid":{"rendered":"https:\/\/zjarr.tv\/?p=306792"},"modified":"2022-12-21T13:20:41","modified_gmt":"2022-12-21T12:20:41","slug":"zhduket-e-mitura-ne-vlore-nena-italiane-alarmon-policine","status":"publish","type":"post","link":"https:\/\/zjarr.tv\/en\/zhduket-e-mitura-ne-vlore-nena-italiane-alarmon-policine\/","title":{"rendered":"Zhduket e mitura n\u00eb Vlor\u00eb, n\u00ebna italiane \u201calarmon\u201d policin\u00eb"},"content":{"rendered":"<p>Nj\u00eb vajz\u00eb 15-vje\u00e7are nga Italia, \u00ebsht\u00eb zhdukur n\u00eb Vlor\u00ebs.<\/p>\n<p>Ka qen\u00eb n\u00ebna e vajz\u00ebs M. G., 39 vje\u00e7e ajo e cila ka denoncuar n\u00eb polici se vajza e saj \u00ebsht\u00eb larguar nga banesa dhe nuk \u00ebsht\u00eb kthyer m\u00eb.<\/p>\n<p><strong>Njoftimi:<\/strong><\/p>\n<p><em>M\u00eb dat\u00eb 20.12.2022, n\u00eb Komisariatin e Policis\u00eb Vlor\u00eb \u00ebsht\u00eb paraqitur shtetasja italiane M. G., 39 vje\u00e7e, banuese n\u00eb Vlor\u00eb, e cila ka kall\u00ebzuar se vajza e saj 15 vje\u00e7e, \u00ebsht\u00eb larguar nga banesa dhe nuk \u00ebsht\u00eb kthyer m\u00eb. Punohet p\u00ebr gjetjen e 15-vje\u00e7ares.<\/em><\/p>\n<figure><img decoding=\"async\" src=\"https:\/\/i.imgur.com\/l7bgfeN.jpg\"><\/figure>\n<figure><img decoding=\"async\" src=\"https:\/\/i.imgur.com\/l7bgfeN.jpg\"><\/figure>\n<figure><img decoding=\"async\" src=\"https:\/\/i.imgur.com\/l7bgfeN.jpg\"><\/figure>\n<figure><img decoding=\"async\" src=\"https:\/\/i.imgur.com\/l7bgfeN.jpg\"><\/figure>\n<figure><img decoding=\"async\" src=\"https:\/\/i.imgur.com\/l7bgfeN.jpg\"><\/figure>","protected":false},"excerpt":{"rendered":"<p>Nj\u00eb vajz\u00eb 15-vje\u00e7are nga Italia, \u00ebsht\u00eb zhdukur n\u00eb Vlor\u00ebs. Ka qen\u00eb n\u00ebna e vajz\u00ebs M. G., 39 vje\u00e7e ajo e cila ka denoncuar n\u00eb polici se vajza e saj \u00ebsht\u00eb larguar nga banesa dhe nuk \u00ebsht\u00eb kthyer m\u00eb. Njoftimi: M\u00eb dat\u00eb 20.12.2022, n\u00eb Komisariatin e Policis\u00eb Vlor\u00eb \u00ebsht\u00eb paraqitur shtetasja italiane M. G., 39 vje\u00e7e, [&hellip;]<\/p>\n","protected":false},"author":2037,"featured_media":306793,"comment_status":"closed","ping_status":"closed","sticky":false,"template":"","format":"standard","meta":{"footnotes":""},"categories":[241,231,235],"tags":[],"class_list":{"0":"post-306792","1":"post","2":"type-post","3":"status-publish","4":"format-standard","5":"has-post-thumbnail","7":"category-aktualitet","8":"category-lajme","9":"category-vendi"},"_links":{"self":[{"href":"https:\/\/zjarr.tv\/en\/wp-json\/wp\/v2\/posts\/306792","targetHints":{"allow":["GET"]}}],"collection":[{"href":"https:\/\/zjarr.tv\/en\/wp-json\/wp\/v2\/posts"}],"about":[{"href":"https:\/\/zjarr.tv\/en\/wp-json\/wp\/v2\/types\/post"}],"author":[{"embeddable":true,"href":"https:\/\/zjarr.tv\/en\/wp-json\/wp\/v2\/users\/2037"}],"replies":[{"embeddable":true,"href":"https:\/\/zjarr.tv\/en\/wp-json\/wp\/v2\/comments?post=306792"}],"version-history":[{"count":0,"href":"https:\/\/zjarr.tv\/en\/wp-json\/wp\/v2\/posts\/306792\/revisions"}],"wp:featuredmedia":[{"embeddable":true,"href":"https:\/\/zjarr.tv\/en\/wp-json\/wp\/v2\/media\/306793"}],"wp:attachment":[{"href":"https:\/\/zjarr.tv\/en\/wp-json\/wp\/v2\/media?parent=306792"}],"wp:term":[{"taxonomy":"category","embeddable":true,"href":"https:\/\/zjarr.tv\/en\/wp-json\/wp\/v2\/categories?post=306792"},{"taxonomy":"post_tag","embeddable":true,"href":"https:\/\/zjarr.tv\/en\/wp-json\/wp\/v2\/tags?post=306792"}],"curies":[{"name":"wp","href":"https:\/\/api.w.org\/{rel}","templated":true}]}}