{"id":306808,"date":"2022-12-21T14:30:52","date_gmt":"2022-12-21T13:30:52","guid":{"rendered":"https:\/\/zjarr.tv\/?p=306808"},"modified":"2022-12-21T14:30:52","modified_gmt":"2022-12-21T13:30:52","slug":"shpetim-nazarko-zbardh-cfare-po-fshihet-dhe-shigjeton-xhacken-ceshtja-e-detit-me-greqine-nje-patate-e-nxehte-zgjidhja-eshte-detyrim","status":"publish","type":"post","link":"https:\/\/zjarr.tv\/en\/shpetim-nazarko-zbardh-cfare-po-fshihet-dhe-shigjeton-xhacken-ceshtja-e-detit-me-greqine-nje-patate-e-nxehte-zgjidhja-eshte-detyrim\/","title":{"rendered":"Shp\u00ebtim Nazarko zbardh \u00e7far\u00eb po fshihet dhe \u2018shigjeton\u2019 Xha\u00e7k\u00ebn: \u00c7\u00ebshtja e detit me Greqin\u00eb nj\u00eb \u2018patate e nxeht\u00eb\u2019, zgjidhja \u00ebsht\u00eb detyrim"},"content":{"rendered":"<figure><img decoding=\"async\" src=\"https:\/\/i.imgur.com\/l7bgfeN.jpg\"><\/figure>\n<figure><img decoding=\"async\" src=\"https:\/\/i.imgur.com\/l7bgfeN.jpg\"><\/figure>\n<figure><img decoding=\"async\" src=\"https:\/\/i.imgur.com\/l7bgfeN.jpg\"><\/figure>\n<figure><img decoding=\"async\" src=\"https:\/\/i.imgur.com\/l7bgfeN.jpg\"><\/figure>\n<figure><img decoding=\"async\" src=\"https:\/\/i.imgur.com\/l7bgfeN.jpg\"><\/figure>\n<p>Analisti Shp\u00ebtim Nazarko n\u00eb MCN Live ka komentuar lidhur me \u00e7\u00ebshtjen p\u00ebr kufizimin e zonave detare me Greqin\u00eb. Ai tha se \u00e7\u00ebshtja e detit \u00ebsht\u00eb \u2018patate e nxeht\u00eb\u2019 dhe se rregullimet kufitare lidhen me k\u00ebrkimet minerale.<\/p>\n<p>Sipas tij, rregullimi i \u00e7\u00ebshtjeve kufitare \u00ebsht\u00eb e r\u00ebnd\u00ebsishme sepse zgjidh dhe at\u00eb q\u00eb lidhet me konfliktin q\u00eb mund t\u00eb vij\u00eb n\u00eb t\u00eb ardhmen i ngjash\u00ebm me at\u00eb t\u00eb Turqis\u00eb dhe Greqis\u00eb.<\/p>\n<p><em>&#8220;Zyrtarisht deri tani qeveria shqiptare, me sa dim\u00eb, kjo \u00e7\u00ebshtje aktualisht ka shkuar n\u00eb Hag\u00eb dhe s\u2019ka nevoj\u00eb p\u00ebr shpjegime eliptike t\u00eb Xha\u00e7k\u00ebs. Ne jemi pajtuar p\u00ebr ta \u00e7uar \u00e7\u00ebshtjen n\u00eb Hag\u00eb si ne ashtu dhe Greqia. <\/em><\/p>\n<p><em>\u00cbsht\u00eb nj\u00eb \u00e7\u00ebshtje q\u00eb si \u2018patate e nxeht\u00eb\u2019 \u00ebsht\u00eb nj\u00eb gj\u00eb me zarar, jo vet\u00ebm p\u00ebr shkak t\u00eb caktimit t\u00eb kufijve detare por dhe at\u00eb tok\u00ebsor dhe n\u00eb rastin e tanish\u00ebm jo vet\u00ebm q\u00eb duhet caktuar nj\u00ebher\u00eb e mir\u00eb por dhe p\u00ebr burimet q\u00eb po ndodhin rreth k\u00ebsaj zone, jo vet\u00ebm konfliktet greko-turke, por dhe mosmarr\u00ebveshjet tona sepse shteti shtohet dhe m\u00eb shum\u00eb p\u00ebr shkak t\u00eb pasurive n\u00ebntok\u00ebsore. <\/em><\/p>\n<figure><img decoding=\"async\" src=\"https:\/\/i.imgur.com\/l7bgfeN.jpg\"><\/figure>\n<figure><img decoding=\"async\" src=\"https:\/\/i.imgur.com\/l7bgfeN.jpg\"><\/figure>\n<figure><img decoding=\"async\" src=\"https:\/\/i.imgur.com\/l7bgfeN.jpg\"><\/figure>\n<figure><img decoding=\"async\" src=\"https:\/\/i.imgur.com\/l7bgfeN.jpg\"><\/figure>\n<figure><img decoding=\"async\" src=\"https:\/\/i.imgur.com\/l7bgfeN.jpg\"><\/figure>\n<p><em>Prandaj mendoj se patatja e nxeht\u00eb duhet t\u00eb zgjidhet shpejt, sepse ka dy probleme, nj\u00eb \u00ebsht\u00eb ajo q\u00eb tham\u00eb se rregullimi i \u00e7\u00ebshtjeve kufitare \u00ebsht\u00eb e r\u00ebnd\u00ebsishme sepse zgjidh dhe at\u00eb q\u00eb lidhet me konfliktin q\u00eb mund t\u00eb vij\u00eb n\u00eb t\u00eb ardhmen i ngjash\u00ebm me at\u00eb t\u00eb Turqis\u00eb dhe Greqis\u00eb.<\/em><\/p>\n<p><em> Kjo sepse kemi d\u00ebgjuar q\u00eb anijet greke po k\u00ebrkojn\u00eb n\u00eb nj\u00eb vend q\u00eb nuk \u00ebsht\u00eb caktuar nga Haga, por \u00ebsht\u00eb mir\u00eb q\u00eb opinioni publik duhet ti dij\u00eb me sakt\u00ebsi ato, por zgjidhja \u00ebsht\u00eb detyrim dhe natyrisht n\u00eb k\u00ebt\u00eb pik\u00eb, grek\u00ebt jan\u00eb m\u00eb t\u00eb interesuar se ne sepse k\u00ebrkojn\u00eb t\u00eb arrijn\u00eb nj\u00eb marr\u00ebveshje q\u00eb t\u00eb jet\u00eb e ngjashme me at\u00eb q\u00eb ajo ka b\u00ebr\u00eb me Libin\u00eb dhe Egjiptin q\u00eb konsiderohet e favorshme p\u00ebr Greqin\u00eb&#8221;,<\/em> u shpreh Nazarko n\u00eb fjal\u00ebn e tij.<\/p>\n<figure><img decoding=\"async\" src=\"https:\/\/i.imgur.com\/l7bgfeN.jpg\"><\/figure>\n<figure><img decoding=\"async\" src=\"https:\/\/i.imgur.com\/l7bgfeN.jpg\"><\/figure>\n<figure><img decoding=\"async\" src=\"https:\/\/i.imgur.com\/l7bgfeN.jpg\"><\/figure>\n<figure><img decoding=\"async\" src=\"https:\/\/i.imgur.com\/l7bgfeN.jpg\"><\/figure>\n<figure><img decoding=\"async\" src=\"https:\/\/i.imgur.com\/l7bgfeN.jpg\"><\/figure>","protected":false},"excerpt":{"rendered":"<p>Analisti Shp\u00ebtim Nazarko n\u00eb MCN Live ka komentuar lidhur me \u00e7\u00ebshtjen p\u00ebr kufizimin e zonave detare me Greqin\u00eb. Ai tha se \u00e7\u00ebshtja e detit \u00ebsht\u00eb \u2018patate e nxeht\u00eb\u2019 dhe se rregullimet kufitare lidhen me k\u00ebrkimet minerale. Sipas tij, rregullimi i \u00e7\u00ebshtjeve kufitare \u00ebsht\u00eb e r\u00ebnd\u00ebsishme sepse zgjidh dhe at\u00eb q\u00eb lidhet me konfliktin q\u00eb mund [&hellip;]<\/p>\n","protected":false},"author":2037,"featured_media":299700,"comment_status":"closed","ping_status":"closed","sticky":false,"template":"","format":"standard","meta":{"footnotes":""},"categories":[241,364,231,1454,235],"tags":[],"class_list":{"0":"post-306808","1":"post","2":"type-post","3":"status-publish","4":"format-standard","5":"has-post-thumbnail","7":"category-aktualitet","8":"category-koment-opinion","9":"category-lajme","10":"category-politike","11":"category-vendi"},"_links":{"self":[{"href":"https:\/\/zjarr.tv\/en\/wp-json\/wp\/v2\/posts\/306808","targetHints":{"allow":["GET"]}}],"collection":[{"href":"https:\/\/zjarr.tv\/en\/wp-json\/wp\/v2\/posts"}],"about":[{"href":"https:\/\/zjarr.tv\/en\/wp-json\/wp\/v2\/types\/post"}],"author":[{"embeddable":true,"href":"https:\/\/zjarr.tv\/en\/wp-json\/wp\/v2\/users\/2037"}],"replies":[{"embeddable":true,"href":"https:\/\/zjarr.tv\/en\/wp-json\/wp\/v2\/comments?post=306808"}],"version-history":[{"count":0,"href":"https:\/\/zjarr.tv\/en\/wp-json\/wp\/v2\/posts\/306808\/revisions"}],"wp:featuredmedia":[{"embeddable":true,"href":"https:\/\/zjarr.tv\/en\/wp-json\/wp\/v2\/media\/299700"}],"wp:attachment":[{"href":"https:\/\/zjarr.tv\/en\/wp-json\/wp\/v2\/media?parent=306808"}],"wp:term":[{"taxonomy":"category","embeddable":true,"href":"https:\/\/zjarr.tv\/en\/wp-json\/wp\/v2\/categories?post=306808"},{"taxonomy":"post_tag","embeddable":true,"href":"https:\/\/zjarr.tv\/en\/wp-json\/wp\/v2\/tags?post=306808"}],"curies":[{"name":"wp","href":"https:\/\/api.w.org\/{rel}","templated":true}]}}