{"id":306814,"date":"2022-12-21T14:51:08","date_gmt":"2022-12-21T13:51:08","guid":{"rendered":"https:\/\/zjarr.tv\/?p=306814"},"modified":"2022-12-21T14:51:08","modified_gmt":"2022-12-21T13:51:08","slug":"altin-dumani-kreu-i-ri-i-spak-tabaku-uroj-te-mos-jete-kopje-e-drejtesise-se-vjeter","status":"publish","type":"post","link":"https:\/\/zjarr.tv\/en\/altin-dumani-kreu-i-ri-i-spak-tabaku-uroj-te-mos-jete-kopje-e-drejtesise-se-vjeter\/","title":{"rendered":"Altin Dumani kreu i ri i SPAK, Tabaku: Uroj t\u00eb mos jet\u00eb kopje e drejt\u00ebsis\u00eb s\u00eb vjet\u00ebr."},"content":{"rendered":"<figure><img decoding=\"async\" src=\"https:\/\/i.imgur.com\/l7bgfeN.jpg\"><\/figure>\n<figure><img decoding=\"async\" src=\"https:\/\/i.imgur.com\/l7bgfeN.jpg\"><\/figure>\n<figure><img decoding=\"async\" src=\"https:\/\/i.imgur.com\/l7bgfeN.jpg\"><\/figure>\n<figure><img decoding=\"async\" src=\"https:\/\/i.imgur.com\/l7bgfeN.jpg\"><\/figure>\n<figure><img decoding=\"async\" src=\"https:\/\/i.imgur.com\/l7bgfeN.jpg\"><\/figure>\n<p>Deputetja Jorida Tabaku, foli p\u00ebr kreun e ri t\u00eb SPAK Altin Dumani. Gjat\u00eb intervist\u00ebs n\u00eb rubrik\u00ebn \u201cOpinion\u201d n\u00eb News24 Tabaku tha se pret q\u00eb drejt\u00ebsia e re t\u00eb mos jet\u00eb nj\u00eb kopje e drejt\u00ebsis\u00eb s\u00eb vjet\u00ebr.<\/p>\n<p>M\u00eb tej Tabaku shtoi se pret nga SPAK q\u00eb t\u00eb veproj\u00eb me integritet kund\u00ebr korrupsionit.<\/p>\n<p><em>\u201cKam k\u00ebrkuar q\u00eb drejt\u00ebsia e re t\u00eb mos jet\u00eb nj\u00eb kopje e drejt\u00ebsis\u00eb s\u00eb vjet\u00ebr. Drejtuesi i ri t\u00eb marr\u00eb p\u00ebrgjegj\u00ebsi p\u00ebr t\u00eb gjitha dosjet q\u00eb un\u00eb kam denoncuar.<\/em><\/p>\n<p><em>Jo me peshqit e vegj\u00ebl. Jemi m\u00ebsuar me punonj\u00ebs q\u00eb shkojn\u00eb p\u00ebrpara drejt\u00ebsis\u00eb. Pres integritet p\u00ebr t\u2019i shkuar t\u00eb gjitha \u00e7\u00ebshtjeve. Lufta ndaj korrupsionit tregohet vet\u00ebm m\u00eb pun\u00eb. N\u00ebse do kishte nd\u00ebshkim n\u00eb dogana kushdo q\u00eb vinte pas do t\u00eb kishte frikt\u00eb t\u00eb b\u00ebnte nj\u00eb akt korruptiv.\u201d<\/em>, tha ajo.<\/p>","protected":false},"excerpt":{"rendered":"<p>Deputetja Jorida Tabaku, foli p\u00ebr kreun e ri t\u00eb SPAK Altin Dumani. Gjat\u00eb intervist\u00ebs n\u00eb rubrik\u00ebn \u201cOpinion\u201d n\u00eb News24 Tabaku tha se pret q\u00eb drejt\u00ebsia e re t\u00eb mos jet\u00eb nj\u00eb kopje e drejt\u00ebsis\u00eb s\u00eb vjet\u00ebr. M\u00eb tej Tabaku shtoi se pret nga SPAK q\u00eb t\u00eb veproj\u00eb me integritet kund\u00ebr korrupsionit. \u201cKam k\u00ebrkuar q\u00eb drejt\u00ebsia [&hellip;]<\/p>\n","protected":false},"author":2037,"featured_media":204858,"comment_status":"closed","ping_status":"closed","sticky":false,"template":"","format":"standard","meta":{"footnotes":""},"categories":[241,364,231,1454,235],"tags":[],"class_list":{"0":"post-306814","1":"post","2":"type-post","3":"status-publish","4":"format-standard","5":"has-post-thumbnail","7":"category-aktualitet","8":"category-koment-opinion","9":"category-lajme","10":"category-politike","11":"category-vendi"},"_links":{"self":[{"href":"https:\/\/zjarr.tv\/en\/wp-json\/wp\/v2\/posts\/306814","targetHints":{"allow":["GET"]}}],"collection":[{"href":"https:\/\/zjarr.tv\/en\/wp-json\/wp\/v2\/posts"}],"about":[{"href":"https:\/\/zjarr.tv\/en\/wp-json\/wp\/v2\/types\/post"}],"author":[{"embeddable":true,"href":"https:\/\/zjarr.tv\/en\/wp-json\/wp\/v2\/users\/2037"}],"replies":[{"embeddable":true,"href":"https:\/\/zjarr.tv\/en\/wp-json\/wp\/v2\/comments?post=306814"}],"version-history":[{"count":0,"href":"https:\/\/zjarr.tv\/en\/wp-json\/wp\/v2\/posts\/306814\/revisions"}],"wp:featuredmedia":[{"embeddable":true,"href":"https:\/\/zjarr.tv\/en\/wp-json\/wp\/v2\/media\/204858"}],"wp:attachment":[{"href":"https:\/\/zjarr.tv\/en\/wp-json\/wp\/v2\/media?parent=306814"}],"wp:term":[{"taxonomy":"category","embeddable":true,"href":"https:\/\/zjarr.tv\/en\/wp-json\/wp\/v2\/categories?post=306814"},{"taxonomy":"post_tag","embeddable":true,"href":"https:\/\/zjarr.tv\/en\/wp-json\/wp\/v2\/tags?post=306814"}],"curies":[{"name":"wp","href":"https:\/\/api.w.org\/{rel}","templated":true}]}}