{"id":306819,"date":"2022-12-21T15:07:58","date_gmt":"2022-12-21T14:07:58","guid":{"rendered":"https:\/\/zjarr.tv\/?p=306819"},"modified":"2022-12-21T15:07:58","modified_gmt":"2022-12-21T14:07:58","slug":"emriskandal-me-primaret-kandidatja-e-pd-kapet-ne-foto-duke-festuar-me-kryebashkiakun-e-ps-ne-detyre","status":"publish","type":"post","link":"https:\/\/zjarr.tv\/en\/emriskandal-me-primaret-kandidatja-e-pd-kapet-ne-foto-duke-festuar-me-kryebashkiakun-e-ps-ne-detyre\/","title":{"rendered":"(EMRI)Skandal me primaret\/ Kandidatja e PD kapet n\u00eb foto duke festuar me Kryebashkiakun e PS n\u00eb detyr\u00eb"},"content":{"rendered":"<figure><img decoding=\"async\" src=\"https:\/\/i.imgur.com\/l7bgfeN.jpg\"><\/figure>\n<figure><img decoding=\"async\" src=\"https:\/\/i.imgur.com\/l7bgfeN.jpg\"><\/figure>\n<figure><img decoding=\"async\" src=\"https:\/\/i.imgur.com\/l7bgfeN.jpg\"><\/figure>\n<figure><img decoding=\"async\" src=\"https:\/\/i.imgur.com\/l7bgfeN.jpg\"><\/figure>\n<figure><img decoding=\"async\" src=\"https:\/\/i.imgur.com\/l7bgfeN.jpg\"><\/figure>\n<p>Prej jav\u00ebsh Ledina Alolli akuzohet se \u00ebsht\u00eb e lidhur me Partin\u00eb Socialiste dhe se p\u00ebrfshirja e saj n\u00eb gar\u00ebn p\u00ebr Primaret n\u00eb Partin\u00eb Demokratike nuk \u00ebsht\u00eb aq rast\u00ebsore&#8230;&#8217;Dosja&#8217; sjell nj\u00eb foto q\u00eb e kompromenton situat\u00ebn e Alollit q\u00eb pret p\u00ebrballjen m\u00eb 14 maj 2022. <\/p>\n<p>N\u00eb foton e m\u00ebsip\u00ebrme duket kandidatja e Partis\u00eb Demokratike p\u00ebr gar\u00ebn e 14 majit 2023, Ledina Alolli duke festuar me kryebashkiakun aktual t\u00eb kampit kund\u00ebrshtar, Sotiraq Filo, prefektin e Kor\u00e7\u00ebs, Nertil Jole dhe disa miq t\u00eb tjer\u00eb.<\/p>\n<figure><img decoding=\"async\" src=\"https:\/\/i.imgur.com\/l7bgfeN.jpg\"><\/figure>\n<figure><img decoding=\"async\" src=\"https:\/\/i.imgur.com\/l7bgfeN.jpg\"><\/figure>\n<figure><img decoding=\"async\" src=\"https:\/\/i.imgur.com\/l7bgfeN.jpg\"><\/figure>\n<figure><img decoding=\"async\" src=\"https:\/\/i.imgur.com\/l7bgfeN.jpg\"><\/figure>\n<figure><img decoding=\"async\" src=\"https:\/\/i.imgur.com\/l7bgfeN.jpg\"><\/figure>\n<p>Fotografia e shkrepur disa muaj p\u00ebrpara se Alolli t\u00eb hynte zyrtarisht n\u00eb gar\u00ebn e Primareve, t\u00eb cil\u00ebn tashm\u00eb e ka fituar me ep\u00ebrsi para kandidat\u00ebve t\u00eb tjer\u00eb, kompromenton kandidatur\u00ebn e saj. Kjo jo pa shkak.<\/p>\n<p>Q\u00eb prej momentit kur Ledina Alolli hyri dhe shpalli ambicien p\u00ebr Primaret n\u00eb Kor\u00e7\u00eb, portale lokale dhe simpatizant\u00eb t\u00eb Partis\u00eb Demokratike e akuzuan at\u00eb se ishte futur n\u00eb gar\u00eb nga PS. Akuzat deri m\u00eb sot nuk kan\u00eb marr\u00eb asnj\u00eb p\u00ebrgjigje prej kandidates Alolli.<\/p>\n<p>Edhe pse z\u00ebrat shtoheshin, PD nuk mori asnj\u00eb mas\u00eb p\u00ebr t\u00eb verifikuar at\u00eb \u00e7&#8217;ka flitej dhe rezultati i primareve ishte ky. Ledina Alolli fitoi me 628 vota dhe kandidat\u00ebt e tjer\u00eb, Gjergji Gjata dhe Entlea Dvorani mor\u00ebn nga 426 vota dhe 47 vota. <\/p>\n<figure><img decoding=\"async\" src=\"https:\/\/i.imgur.com\/l7bgfeN.jpg\"><\/figure>\n<figure><img decoding=\"async\" src=\"https:\/\/i.imgur.com\/l7bgfeN.jpg\"><\/figure>\n<figure><img decoding=\"async\" src=\"https:\/\/i.imgur.com\/l7bgfeN.jpg\"><\/figure>\n<figure><img decoding=\"async\" src=\"https:\/\/i.imgur.com\/l7bgfeN.jpg\"><\/figure>\n<figure><img decoding=\"async\" src=\"https:\/\/i.imgur.com\/l7bgfeN.jpg\"><\/figure>\n<p>Thashethemi se kandidatja e demokrat\u00ebve n\u00eb Kor\u00e7\u00eb \u00ebsht\u00eb me rr\u00ebnj\u00eb t\u00eb thella n\u00eb Partin\u00eb Socialiste tashm\u00eb p\u00ebrkthehet n\u00eb nj\u00eb dyshim t\u00eb past\u00ebr mbi axhend\u00ebn e saj n\u00eb fushat\u00eb. PD do t\u00eb duhet t\u00eb garantoj\u00eb demokrat\u00ebt e Kor\u00e7\u00ebs se a ka mundur t\u00eb ofroj\u00eb nj\u00eb kandidate alternativ\u00eb p\u00ebrball\u00eb Sotiraq Filos apo ka paracaktuar gar\u00ebn me nj\u00eb em\u00ebr kukull p\u00ebr t\u00eb legjimituar nj\u00eb proces fars\u00eb, q\u00eb me pjes\u00ebmarrjen faktike t\u00eb opozit\u00ebs m\u00eb 14 maj, b\u00ebhet edhe m\u00eb i rrall\u00eb se zgjedhjet e 30 qershorit 2019. <\/p>\n<figure><img decoding=\"async\" src=\"https:\/\/i.imgur.com\/l7bgfeN.jpg\"><\/figure>\n<figure><img decoding=\"async\" src=\"https:\/\/i.imgur.com\/l7bgfeN.jpg\"><\/figure>\n<figure><img decoding=\"async\" src=\"https:\/\/i.imgur.com\/l7bgfeN.jpg\"><\/figure>\n<figure><img decoding=\"async\" src=\"https:\/\/i.imgur.com\/l7bgfeN.jpg\"><\/figure>\n<figure><img decoding=\"async\" src=\"https:\/\/i.imgur.com\/l7bgfeN.jpg\"><\/figure>\n<p>Kush ka m\u00eb shum\u00eb r\u00ebnd\u00ebsi p\u00ebr Alollin?<\/p>\n<p>Miq\u00ebsia me socialist\u00ebt apo qyteti? Pse i hyri gar\u00ebs n\u00ebse kritikat do t\u00eb kishte mund\u00ebsi ti adresonte n\u00eb rrug\u00eb personale? Kush ia hapi rrug\u00ebn n\u00eb PD?P\u00ebr t\u00eb garantuar transparenc\u00ebn dhe p\u00ebr t\u00eb mos goditur besimin e demokrat\u00ebve, ajo do t\u00eb duhet t\u00eb sqaroj\u00eb tashm\u00eb pozicionin e saj.\/Dosja.al<\/p>","protected":false},"excerpt":{"rendered":"<p>Prej jav\u00ebsh Ledina Alolli akuzohet se \u00ebsht\u00eb e lidhur me Partin\u00eb Socialiste dhe se p\u00ebrfshirja e saj n\u00eb gar\u00ebn p\u00ebr Primaret n\u00eb Partin\u00eb Demokratike nuk \u00ebsht\u00eb aq rast\u00ebsore&#8230;&#8217;Dosja&#8217; sjell nj\u00eb foto q\u00eb e kompromenton situat\u00ebn e Alollit q\u00eb pret p\u00ebrballjen m\u00eb 14 maj 2022. N\u00eb foton e m\u00ebsip\u00ebrme duket kandidatja e Partis\u00eb Demokratike p\u00ebr gar\u00ebn [&hellip;]<\/p>\n","protected":false},"author":2039,"featured_media":306821,"comment_status":"closed","ping_status":"closed","sticky":false,"template":"","format":"standard","meta":{"footnotes":""},"categories":[1],"tags":[],"class_list":{"0":"post-306819","1":"post","2":"type-post","3":"status-publish","4":"format-standard","5":"has-post-thumbnail","7":"category-uncategorized-sq"},"_links":{"self":[{"href":"https:\/\/zjarr.tv\/en\/wp-json\/wp\/v2\/posts\/306819","targetHints":{"allow":["GET"]}}],"collection":[{"href":"https:\/\/zjarr.tv\/en\/wp-json\/wp\/v2\/posts"}],"about":[{"href":"https:\/\/zjarr.tv\/en\/wp-json\/wp\/v2\/types\/post"}],"author":[{"embeddable":true,"href":"https:\/\/zjarr.tv\/en\/wp-json\/wp\/v2\/users\/2039"}],"replies":[{"embeddable":true,"href":"https:\/\/zjarr.tv\/en\/wp-json\/wp\/v2\/comments?post=306819"}],"version-history":[{"count":0,"href":"https:\/\/zjarr.tv\/en\/wp-json\/wp\/v2\/posts\/306819\/revisions"}],"wp:featuredmedia":[{"embeddable":true,"href":"https:\/\/zjarr.tv\/en\/wp-json\/wp\/v2\/media\/306821"}],"wp:attachment":[{"href":"https:\/\/zjarr.tv\/en\/wp-json\/wp\/v2\/media?parent=306819"}],"wp:term":[{"taxonomy":"category","embeddable":true,"href":"https:\/\/zjarr.tv\/en\/wp-json\/wp\/v2\/categories?post=306819"},{"taxonomy":"post_tag","embeddable":true,"href":"https:\/\/zjarr.tv\/en\/wp-json\/wp\/v2\/tags?post=306819"}],"curies":[{"name":"wp","href":"https:\/\/api.w.org\/{rel}","templated":true}]}}