{"id":306830,"date":"2022-12-21T15:30:57","date_gmt":"2022-12-21T14:30:57","guid":{"rendered":"https:\/\/zjarr.tv\/?p=306830"},"modified":"2022-12-21T17:27:17","modified_gmt":"2022-12-21T16:27:17","slug":"shabani-mandatit-te-veliajt-po-i-vjen-fundi-e-kane-ne-dore-qytetaret-e-tiranes","status":"publish","type":"post","link":"https:\/\/zjarr.tv\/en\/shabani-mandatit-te-veliajt-po-i-vjen-fundi-e-kane-ne-dore-qytetaret-e-tiranes\/","title":{"rendered":"Shabani: Mandatit t\u00eb Veliajt po i vjen fundi, e kan\u00eb n\u00eb dor\u00eb qytetar\u00ebt e Tiran\u00ebs"},"content":{"rendered":"<figure><img decoding=\"async\" src=\"https:\/\/i.imgur.com\/l7bgfeN.jpg\"><\/figure>\n<figure><img decoding=\"async\" src=\"https:\/\/i.imgur.com\/l7bgfeN.jpg\"><\/figure>\n<figure><img decoding=\"async\" src=\"https:\/\/i.imgur.com\/l7bgfeN.jpg\"><\/figure>\n<figure><img decoding=\"async\" src=\"https:\/\/i.imgur.com\/l7bgfeN.jpg\"><\/figure>\n<figure><img decoding=\"async\" src=\"https:\/\/i.imgur.com\/l7bgfeN.jpg\"><\/figure>\n<p>Endrit Shabani, aktivist i Nism\u00ebs Thurje, thot\u00eb se fatin e Teatrit Komb\u00ebtar e kan\u00eb n\u00eb dor\u00eb vet\u00eb qytetar\u00ebt e Tiran\u00ebs. N\u00eb nj\u00eb intervist\u00eb me MCN, Shabani tha se p\u00ebr Teatrin duhet t\u00eb merret shembulli i teatrit t\u00eb Shekspirit n\u00eb Britani.<\/p>\n<p><em>Edi Rama p\u00ebr t\u00eb dh\u00ebn\u00eb mesazhin se mund t\u00eb b\u00ebj\u00eb \u00e7far\u00eb t\u00eb doj\u00eb n\u00eb k\u00ebt\u00eb vend e ka shembur teatrin. Ne duhet ta rikthejm\u00eb k\u00ebt\u00eb pasuri komb\u00ebtare duke marr\u00eb shembull teatrin e Shekspirit. Nuk mendoj q\u00eb Gjykata Kushtetuese e ka kapacitetin p\u00ebr t\u00eb penguar k\u00ebt\u00eb nd\u00ebrtim. E kan\u00eb vet\u00ebm qytetar\u00ebt e Tiran\u00ebs. Ata duhet t\u00eb marrin vendim n\u00ebse n\u00eb zgjedhjet e ardhshme do t\u00eb votojn\u00eb ata q\u00eb jan\u00eb mbi fadrom\u00eb apo ata q\u00eb e duan k\u00ebt\u00eb vend dhe duan ta ruajn\u00eb historin\u00eb e k\u00ebtij vendi. Nuk ia kan\u00eb dal\u00eb gjykatat, nuk ia ka dal\u00eb SPAK. \u00cbsht\u00eb shum\u00eb von\u00eb. Mandatit t\u00eb Erion Velis\u00eb po i vjen fundi, ndaj ai nuk do t\u00eb ket\u00eb mund\u00ebsin\u00eb.<\/em><\/p>\n<figure><img decoding=\"async\" src=\"https:\/\/i.imgur.com\/l7bgfeN.jpg\"><\/figure>\n<figure><img decoding=\"async\" src=\"https:\/\/i.imgur.com\/l7bgfeN.jpg\"><\/figure>\n<figure><img decoding=\"async\" src=\"https:\/\/i.imgur.com\/l7bgfeN.jpg\"><\/figure>\n<figure><img decoding=\"async\" src=\"https:\/\/i.imgur.com\/l7bgfeN.jpg\"><\/figure>\n<figure><img decoding=\"async\" src=\"https:\/\/i.imgur.com\/l7bgfeN.jpg\"><\/figure>\n<p>Lidhur me debatet e fundit mbi kreun e SPAK, Shabani tha se jan\u00eb tregues se qeveria nuk ka kontroll mbi gjyq\u00ebsorin.<\/p>\n<p><em>Replika dhe tensioni q\u00eb p\u00ebr her\u00eb t\u00eb par\u00eb \u00ebsht\u00eb shpalosur mes ambasad\u00ebs dhe nd\u00ebrkomb\u00ebtar\u00ebve \u00ebsht\u00eb nj\u00eb shenj\u00eb pozitive q\u00eb tregon se qeveria nuk ka kontroll t\u00eb plot\u00eb mbi gjyq\u00ebsorin. K\u00ebta duan t\u00eb pezullojn\u00eb drejt\u00ebsin\u00eb dhe t\u00eb b\u00ebjn\u00eb si\u00e7 kan\u00eb b\u00ebr\u00eb n\u00eb 32 vjet. Q\u00eb t\u00eb kemi shtet funksional duhet t\u00eb kemi drejt\u00ebsi t\u00eb pavarur. Ne shkuam te SPAK sepse ende nuk e kemi humbur besimin, por jemi t\u00eb pak\u00ebnaqur me pun\u00ebn e tij n\u00eb 3 vite. Ne i k\u00ebrkuam zotit Dumani t\u00eb ket\u00eb nj\u00eb axhend\u00eb t\u00eb re. P.sh. merrni koncesionin e sterilizimit. Merrni incenerator\u00ebt, fal\u00eb kall\u00ebzimit t\u00eb nism\u00ebs Thurje kemi n\u00eb burg nj\u00eb t\u00eb p\u00ebrfshir\u00eb. \u00a0<\/em><\/p>\n<figure><img decoding=\"async\" src=\"https:\/\/i.imgur.com\/l7bgfeN.jpg\"><\/figure>\n<figure><img decoding=\"async\" src=\"https:\/\/i.imgur.com\/l7bgfeN.jpg\"><\/figure>\n<figure><img decoding=\"async\" src=\"https:\/\/i.imgur.com\/l7bgfeN.jpg\"><\/figure>\n<figure><img decoding=\"async\" src=\"https:\/\/i.imgur.com\/l7bgfeN.jpg\"><\/figure>\n<figure><img decoding=\"async\" src=\"https:\/\/i.imgur.com\/l7bgfeN.jpg\"><\/figure>","protected":false},"excerpt":{"rendered":"<p>Endrit Shabani, aktivist i Nism\u00ebs Thurje, thot\u00eb se fatin e Teatrit Komb\u00ebtar e kan\u00eb n\u00eb dor\u00eb vet\u00eb qytetar\u00ebt e Tiran\u00ebs. N\u00eb nj\u00eb intervist\u00eb me MCN, Shabani tha se p\u00ebr Teatrin duhet t\u00eb merret shembulli i teatrit t\u00eb Shekspirit n\u00eb Britani. Edi Rama p\u00ebr t\u00eb dh\u00ebn\u00eb mesazhin se mund t\u00eb b\u00ebj\u00eb \u00e7far\u00eb t\u00eb doj\u00eb n\u00eb k\u00ebt\u00eb [&hellip;]<\/p>\n","protected":false},"author":2037,"featured_media":306831,"comment_status":"closed","ping_status":"closed","sticky":false,"template":"","format":"standard","meta":{"footnotes":""},"categories":[241,364,231,1454,235],"tags":[],"class_list":{"0":"post-306830","1":"post","2":"type-post","3":"status-publish","4":"format-standard","5":"has-post-thumbnail","7":"category-aktualitet","8":"category-koment-opinion","9":"category-lajme","10":"category-politike","11":"category-vendi"},"_links":{"self":[{"href":"https:\/\/zjarr.tv\/en\/wp-json\/wp\/v2\/posts\/306830","targetHints":{"allow":["GET"]}}],"collection":[{"href":"https:\/\/zjarr.tv\/en\/wp-json\/wp\/v2\/posts"}],"about":[{"href":"https:\/\/zjarr.tv\/en\/wp-json\/wp\/v2\/types\/post"}],"author":[{"embeddable":true,"href":"https:\/\/zjarr.tv\/en\/wp-json\/wp\/v2\/users\/2037"}],"replies":[{"embeddable":true,"href":"https:\/\/zjarr.tv\/en\/wp-json\/wp\/v2\/comments?post=306830"}],"version-history":[{"count":0,"href":"https:\/\/zjarr.tv\/en\/wp-json\/wp\/v2\/posts\/306830\/revisions"}],"wp:featuredmedia":[{"embeddable":true,"href":"https:\/\/zjarr.tv\/en\/wp-json\/wp\/v2\/media\/306831"}],"wp:attachment":[{"href":"https:\/\/zjarr.tv\/en\/wp-json\/wp\/v2\/media?parent=306830"}],"wp:term":[{"taxonomy":"category","embeddable":true,"href":"https:\/\/zjarr.tv\/en\/wp-json\/wp\/v2\/categories?post=306830"},{"taxonomy":"post_tag","embeddable":true,"href":"https:\/\/zjarr.tv\/en\/wp-json\/wp\/v2\/tags?post=306830"}],"curies":[{"name":"wp","href":"https:\/\/api.w.org\/{rel}","templated":true}]}}