{"id":315687,"date":"2023-03-11T13:15:22","date_gmt":"2023-03-11T12:15:22","guid":{"rendered":"https:\/\/zjarr.tv\/?p=315687"},"modified":"2023-03-11T13:15:22","modified_gmt":"2023-03-11T12:15:22","slug":"bushati-ahmetaj-tradhtoi-shoket-ndaj-po-e-godet-rama-su-kap-me","status":"publish","type":"post","link":"https:\/\/zjarr.tv\/en\/bushati-ahmetaj-tradhtoi-shoket-ndaj-po-e-godet-rama-su-kap-me\/","title":{"rendered":"Bushati: Ahmetaj tradhtoi shok\u00ebt ndaj po e godet Rama, s\u2019u kap me&#8230;"},"content":{"rendered":"<p>Analisti Andi Bushati tha n\u00eb emisionin Now n\u00eb Euronews Albania se Arben Ahmetaj nuk po goditet si i p\u00ebrfshir\u00eb n\u00eb afer\u00ebn e incenerator\u00ebve, po si njeriu q\u00eb tradhtoi shok\u00ebt.<\/p>\n<p class=\"reklama\">\n<img decoding=\"async\" src=\"https:\/\/i.imgur.com\/NDx07wA.jpg\"><br \/>\n<img decoding=\"async\" src=\"https:\/\/i.imgur.com\/NDx07wA.jpg\"><br \/>\n<img decoding=\"async\" src=\"https:\/\/i.imgur.com\/NDx07wA.jpg\"><br \/>\n<img decoding=\"async\" src=\"https:\/\/i.imgur.com\/NDx07wA.jpg\"><br \/>\n<img decoding=\"async\" src=\"https:\/\/i.imgur.com\/NDx07wA.jpg\">\n<\/p>\n<p>Sipas tij, Ahmetaj nuk \u00ebsht\u00eb kapur me presh n\u00eb dor\u00eb p\u00ebr incenerator\u00ebt, si\u00e7 ndodhi me Erion Veliajn dhe dokumentin e firmosur prej tij.<\/p>\n<p class=\"reklama\">\n<img decoding=\"async\" src=\"https:\/\/i.imgur.com\/NDx07wA.jpg\"><br \/>\n<img decoding=\"async\" src=\"https:\/\/i.imgur.com\/NDx07wA.jpg\"><br \/>\n<img decoding=\"async\" src=\"https:\/\/i.imgur.com\/NDx07wA.jpg\"><br \/>\n<img decoding=\"async\" src=\"https:\/\/i.imgur.com\/NDx07wA.jpg\"><br \/>\n<img decoding=\"async\" src=\"https:\/\/i.imgur.com\/NDx07wA.jpg\">\n<\/p>\n<p>\u201cDeri tani nga komisioni hetimor, Arben Ahmetaj nuk ka asnj\u00eb shkelje t\u00eb r\u00ebnd\u00eb si ajo q\u00eb i kemi par\u00eb me Veliajn, t\u00eb kapur me presh n\u00eb duar me dokumentin q\u00eb tejkalon k\u00ebshillin bashkiak. <\/p>\n<p class=\"reklama\">\n<img decoding=\"async\" src=\"https:\/\/i.imgur.com\/NDx07wA.jpg\"><br \/>\n<img decoding=\"async\" src=\"https:\/\/i.imgur.com\/NDx07wA.jpg\"><br \/>\n<img decoding=\"async\" src=\"https:\/\/i.imgur.com\/NDx07wA.jpg\"><br \/>\n<img decoding=\"async\" src=\"https:\/\/i.imgur.com\/NDx07wA.jpg\"><br \/>\n<img decoding=\"async\" src=\"https:\/\/i.imgur.com\/NDx07wA.jpg\">\n<\/p>\n<p>Ahmetaj n\u00ebse nd\u00ebshkohet, nuk nd\u00ebshkohet p\u00ebr drejt\u00ebsi por nd\u00ebshkohet nga paranoja se \u00ebsht\u00eb njeriu q\u00eb ka tradhtuar shok\u00ebt. Ai akuzohet se ka shitur dokumentet p\u00ebr incenerator\u00ebt tek opozita\u201d, tha Bushati.<\/p>\n<p class=\"reklama\">\n<img decoding=\"async\" src=\"https:\/\/i.imgur.com\/NDx07wA.jpg\"><br \/>\n<img decoding=\"async\" src=\"https:\/\/i.imgur.com\/NDx07wA.jpg\"><br \/>\n<img decoding=\"async\" src=\"https:\/\/i.imgur.com\/NDx07wA.jpg\"><br \/>\n<img decoding=\"async\" src=\"https:\/\/i.imgur.com\/NDx07wA.jpg\"><br \/>\n<img decoding=\"async\" src=\"https:\/\/i.imgur.com\/NDx07wA.jpg\"><\/p>","protected":false},"excerpt":{"rendered":"<p>Analisti Andi Bushati tha n\u00eb emisionin Now n\u00eb Euronews Albania se Arben Ahmetaj nuk po goditet si i p\u00ebrfshir\u00eb n\u00eb afer\u00ebn e incenerator\u00ebve, po si njeriu q\u00eb tradhtoi shok\u00ebt. Sipas tij, Ahmetaj nuk \u00ebsht\u00eb kapur me presh n\u00eb dor\u00eb p\u00ebr incenerator\u00ebt, si\u00e7 ndodhi me Erion Veliajn dhe dokumentin e firmosur prej tij. \u201cDeri tani nga [&hellip;]<\/p>\n","protected":false},"author":2039,"featured_media":315688,"comment_status":"closed","ping_status":"closed","sticky":false,"template":"","format":"standard","meta":{"footnotes":""},"categories":[241],"tags":[],"class_list":{"0":"post-315687","1":"post","2":"type-post","3":"status-publish","4":"format-standard","5":"has-post-thumbnail","7":"category-aktualitet"},"_links":{"self":[{"href":"https:\/\/zjarr.tv\/en\/wp-json\/wp\/v2\/posts\/315687","targetHints":{"allow":["GET"]}}],"collection":[{"href":"https:\/\/zjarr.tv\/en\/wp-json\/wp\/v2\/posts"}],"about":[{"href":"https:\/\/zjarr.tv\/en\/wp-json\/wp\/v2\/types\/post"}],"author":[{"embeddable":true,"href":"https:\/\/zjarr.tv\/en\/wp-json\/wp\/v2\/users\/2039"}],"replies":[{"embeddable":true,"href":"https:\/\/zjarr.tv\/en\/wp-json\/wp\/v2\/comments?post=315687"}],"version-history":[{"count":0,"href":"https:\/\/zjarr.tv\/en\/wp-json\/wp\/v2\/posts\/315687\/revisions"}],"wp:featuredmedia":[{"embeddable":true,"href":"https:\/\/zjarr.tv\/en\/wp-json\/wp\/v2\/media\/315688"}],"wp:attachment":[{"href":"https:\/\/zjarr.tv\/en\/wp-json\/wp\/v2\/media?parent=315687"}],"wp:term":[{"taxonomy":"category","embeddable":true,"href":"https:\/\/zjarr.tv\/en\/wp-json\/wp\/v2\/categories?post=315687"},{"taxonomy":"post_tag","embeddable":true,"href":"https:\/\/zjarr.tv\/en\/wp-json\/wp\/v2\/tags?post=315687"}],"curies":[{"name":"wp","href":"https:\/\/api.w.org\/{rel}","templated":true}]}}