{"id":317643,"date":"2023-03-31T15:51:44","date_gmt":"2023-03-31T13:51:44","guid":{"rendered":"https:\/\/zjarr.tv\/?p=317643"},"modified":"2023-03-31T15:51:44","modified_gmt":"2023-03-31T13:51:44","slug":"ke-pire-ke-bere-orgjira-aty-irfan-hysenbelliu-mbron-taulant-ballen-nga-akuzat-e-berishes-per-suiten-ne-prestige-resort","status":"publish","type":"post","link":"https:\/\/zjarr.tv\/en\/ke-pire-ke-bere-orgjira-aty-irfan-hysenbelliu-mbron-taulant-ballen-nga-akuzat-e-berishes-per-suiten-ne-prestige-resort\/","title":{"rendered":"&#8220;Ke pir\u00eb, ke b\u00ebr\u00eb orgjira aty\u2026\u201d\/ Irfan Hysenbelliu mbron Taulant Ball\u00ebn nga akuzat e Berish\u00ebs p\u00ebr suit\u00ebn n\u00eb &#8220;Prestige Resort&#8221;"},"content":{"rendered":"<p>Pronari i &#8220;Prestige Resort&#8221; i k\u00ebrkoi kreut t\u00eb PD-s\u00eb, Sali Berisha, q\u00eb t\u00eb faktoj\u00eb akuzat ndaj kreut t\u00eb Grupit Parlamentar t\u00eb PS-s\u00eb, Taulant Balla se e ka p\u00ebrdorur suit\u00ebn n\u00eb hotel p\u00ebr veprimtari t\u00eb paligjshme.<\/p>\n<p>N\u00eb nj\u00eb deklarat\u00eb p\u00ebr mediat, \u201cHysenbelliu Group\u201d, i Irfan Hysenbelliut, i k\u00ebrkoi ish-kryeministrit Berisha q\u00eb t\u00eb b\u00ebj\u00eb publike faktet dhe autor\u00ebt p\u00ebr korrupsionin me dy godinat e konfiskuara, q\u00eb Berisha i p\u00ebrmendi n\u00eb konferenc\u00ebn e p\u00ebrjavshme p\u00ebr shtyp, ku, mes t\u00eb tjerave, u shpreh: \u201cN\u00eb qoft\u00eb se shkon dhe v\u00eb tritol ndaj pronave t\u00eb nj\u00eb pronari t\u00eb mediave n\u00eb m\u00ebnyr\u00ebn m\u00eb demonstrative, pasi ke ngr\u00ebn\u00eb, ke pir\u00eb, ke b\u00ebr\u00eb orgjira aty\u2026\u201d.<\/p>\n<p>Pronari i resortit, u shpreh se: &#8220;Duke respektuar q\u00ebndrimet politike t\u00eb Berish\u00ebs n\u00eb em\u00ebr t\u00eb opozit\u00ebs shqiptare dhe denoncimet e vazhdueshme q\u00eb ai ka b\u00ebr\u00eb kund\u00ebr aktit t\u00eb paligjsh\u00ebm t\u00eb qeveris\u00eb mbi \u201cPrestige resort\u201d, duhet t\u00eb sqarojm\u00eb p\u00ebr opinionin publik se hoteli Prestige ka funksionuar mbi baz\u00ebn e parimeve m\u00eb cil\u00ebsore t\u00eb hoteleris\u00eb dhe turizmit, me kontrata t\u00eb rregullta me agjencit\u00eb m\u00eb t\u00eb r\u00ebnd\u00ebsishme turistike per\u00ebndimore. Deklarojm\u00eb me p\u00ebrgjegj\u00ebsi se gjat\u00eb funksionimit t\u00eb tij, n\u00eb hotel nuk \u00ebsht\u00eb kryer kurr\u00eb asnj\u00eb veprimtari e jasht\u00ebligjshme, sikund\u00ebr deklaroi zoti Berisha. Hoteli ka pasur standardet m\u00eb t\u00eb larta t\u00eb siguris\u00eb dhe \u00ebsht\u00eb p\u00ebrzgjedhur p\u00ebr veprimtari t\u00eb ndryshme nga mjaft institucione nd\u00ebrkomb\u00ebtare. E ftojm\u00eb z. Berisha dhe k\u00ebdo tjet\u00ebr t\u00eb publikoj\u00eb provat e pretenduara, nd\u00ebrkoh\u00eb q\u00eb ne jemi t\u00eb bindur se prova t\u00eb tilla nuk ekzistojn\u00eb&#8221;,  u shpreh pronari, q\u00eb hodhi posht\u00eb edhe akuz\u00ebn se \u201cTaulant Balla ka kaluar dy muaj dhe nuk ka paguar asnj\u00eb qindark\u00eb n\u00eb suit\u00ebn presidenciale t\u00eb resortit\u201d, duke deklaruar se z. Balla ka qen\u00eb n\u00eb resort, n\u00eb disa aktivitete t\u00eb organizuara nga grupi parlamentar i PS dhe si vizitor i personave t\u00eb strehuar pas t\u00ebrmetit t\u00eb vitit 2019.<\/p>\n<p><strong>Kjo \u00ebsht\u00eb hera e dyt\u00eb q\u00eb &#8220;Hysenbelliu Group&#8221; merr n\u00eb mbrojtje Taulant Ball\u00ebn.<\/strong><\/p>\n<p>Dhjetorin e shkuar, sip\u00ebrmarr\u00ebsi Irfan Hysenbelliu deklaroi se: \u201cJam ndjer\u00eb keq kur fol\u00ebn p\u00ebr mikun tim Taulant Balla, q\u00eb than\u00eb q\u00eb ka ndejtur aty si pasha, q\u00eb un\u00eb e quaj v\u00eblla, jam ndjer\u00eb keq, se nuk jam nga ata njer\u00ebz, por ato njer\u00ebz q\u00eb e nxorr\u00ebn at\u00eb fjal\u00eb ishin t\u00eb irrituar\u201d, duke iu referuar deklarat\u00ebs s\u00eb Alfred Pez\u00ebs, drejtor p\u00ebr mediat e &#8216;Focus Group&#8221;, p\u00ebr &#8220;Prestige Resort&#8221; se: &#8220;Taulant Balla k\u00ebt\u00eb vend e ka pasur si sht\u00ebpin\u00eb e tij, vinte m\u00eb shpesh se pronari i resortit dhe nuk e di ku \u00ebsht\u00eb sot&#8221;.<\/p>\n<p>&#8216;Prestige Resort&#8221;, prej shtatorit 2022 ishte objekt i aksioneve t\u00eb IKMT-s\u00eb p\u00ebr zaptim t\u00eb pron\u00ebs publike, nd\u00ebrtim t\u00eb paligjsh\u00ebm dhe dy jav\u00eb m\u00eb par\u00eb dy godina iu sekuestruan p\u00ebr t&#8217;u v\u00ebn\u00eb n\u00eb sh\u00ebrbim t\u00eb Sh\u00ebrbimit Social.<\/p>\n<p>Hysenbelliu ka akuzuar Ram\u00ebn p\u00ebr goditje selektike dhe p\u00ebr shkak t\u00eb q\u00ebndrimeve editoriale q\u00eb mbajn\u00eb mediat e tij, televizione dhe gazeta.<\/p>\n<p>Burimi:TPZ<\/p>","protected":false},"excerpt":{"rendered":"<p>Pronari i &#8220;Prestige Resort&#8221; i k\u00ebrkoi kreut t\u00eb PD-s\u00eb, Sali Berisha, q\u00eb t\u00eb faktoj\u00eb akuzat ndaj kreut t\u00eb Grupit Parlamentar t\u00eb PS-s\u00eb, Taulant Balla se e ka p\u00ebrdorur suit\u00ebn n\u00eb hotel p\u00ebr veprimtari t\u00eb paligjshme. N\u00eb nj\u00eb deklarat\u00eb p\u00ebr mediat, \u201cHysenbelliu Group\u201d, i Irfan Hysenbelliut, i k\u00ebrkoi ish-kryeministrit Berisha q\u00eb t\u00eb b\u00ebj\u00eb publike faktet dhe [&hellip;]<\/p>\n","protected":false},"author":2037,"featured_media":317644,"comment_status":"closed","ping_status":"closed","sticky":false,"template":"","format":"standard","meta":{"footnotes":""},"categories":[241,5380,231,1454,235],"tags":[],"class_list":{"0":"post-317643","1":"post","2":"type-post","3":"status-publish","4":"format-standard","5":"has-post-thumbnail","7":"category-aktualitet","8":"category-kryesore","9":"category-lajme","10":"category-politike","11":"category-vendi"},"_links":{"self":[{"href":"https:\/\/zjarr.tv\/en\/wp-json\/wp\/v2\/posts\/317643","targetHints":{"allow":["GET"]}}],"collection":[{"href":"https:\/\/zjarr.tv\/en\/wp-json\/wp\/v2\/posts"}],"about":[{"href":"https:\/\/zjarr.tv\/en\/wp-json\/wp\/v2\/types\/post"}],"author":[{"embeddable":true,"href":"https:\/\/zjarr.tv\/en\/wp-json\/wp\/v2\/users\/2037"}],"replies":[{"embeddable":true,"href":"https:\/\/zjarr.tv\/en\/wp-json\/wp\/v2\/comments?post=317643"}],"version-history":[{"count":0,"href":"https:\/\/zjarr.tv\/en\/wp-json\/wp\/v2\/posts\/317643\/revisions"}],"wp:featuredmedia":[{"embeddable":true,"href":"https:\/\/zjarr.tv\/en\/wp-json\/wp\/v2\/media\/317644"}],"wp:attachment":[{"href":"https:\/\/zjarr.tv\/en\/wp-json\/wp\/v2\/media?parent=317643"}],"wp:term":[{"taxonomy":"category","embeddable":true,"href":"https:\/\/zjarr.tv\/en\/wp-json\/wp\/v2\/categories?post=317643"},{"taxonomy":"post_tag","embeddable":true,"href":"https:\/\/zjarr.tv\/en\/wp-json\/wp\/v2\/tags?post=317643"}],"curies":[{"name":"wp","href":"https:\/\/api.w.org\/{rel}","templated":true}]}}