{"id":319699,"date":"2023-04-24T09:52:32","date_gmt":"2023-04-24T07:52:32","guid":{"rendered":"https:\/\/zjarr.tv\/?p=319699"},"modified":"2023-04-24T09:52:32","modified_gmt":"2023-04-24T07:52:32","slug":"rama-podcast-me-mjeket-qe-e-operuan-kirurgu-fakti-qe-zgjodhet-sistemin-publik-tregon-se-eshte-rritur-besimi","status":"publish","type":"post","link":"https:\/\/zjarr.tv\/en\/rama-podcast-me-mjeket-qe-e-operuan-kirurgu-fakti-qe-zgjodhet-sistemin-publik-tregon-se-eshte-rritur-besimi\/","title":{"rendered":"Rama podcast me mjek\u00ebt q\u00eb e operuan, kirurgu: Fakti q\u00eb zgjodh\u00ebt sistemin publik, tregon se \u00ebsht\u00eb rritur besimi"},"content":{"rendered":"<p>Kryeministri Edi Rama ka ndar\u00eb nj\u00eb fragment t\u00eb shkurt\u00ebr nga podcast i radh\u00ebs q\u00eb ka zhvilluar.<\/p>\n<p>K\u00ebt\u00eb her\u00eb kryeministri do t\u00eb ket\u00eb t\u00eb ftuar gazetaren mjek\u00ebt q\u00eb e operuan nj\u00eb jav\u00eb m\u00eb par\u00eb, pasi u diagnostifikua me appendesit aukut. Rama shihet p\u00ebrball\u00eb tyre teksa zhvillojn\u00eb nj\u00eb bashk\u00ebbisedum.<\/p>\n<p>Ekipi q\u00eb operoi kryeministrin Edi Rama ishin  Prof. Arben Gjata, Shef i Sh\u00ebrbimit t\u00eb Kirurgjis\u00eb, Prof. Arben Beqiri, Mjek Kirurg, Dritan Rehovica, Mjek Kirurg, Krenar Lilaj, Shef i Sh\u00ebrbimit t\u00eb Anestezi-Reanimacionit dhe Saimir Ku\u00e7i, Mjek Anestezist.<\/p>\n<p>Pjes\u00eb nga biseda:<\/p>\n<p>Rama: Jam k\u00ebtu s\u00eb bashku me 5 burra q\u00eb m\u00eb hyn\u00eb n\u00eb trup, p\u00ebr nj\u00eb person t\u00eb vet\u00ebm, privilegj p\u00ebr pozicionin q\u00eb kam apo \u00ebsht\u00eb nj\u00eb praktik\u00eb e cila \u00ebsht\u00eb e ngjash\u00ebm edhe p\u00ebr njer\u00ebzit e zakonsh\u00ebm.<\/p>\n<p>Arben Beqiri: S\u00ebmundjet jan\u00eb t\u00eb ndryshme p\u00ebr pacient\u00ebt jan\u00eb nj\u00eb soj<\/p>\n<p>Rama: Para se t\u00eb largoheshit erdh\u00ebt te shtrati dhe m\u00eb dhat\u00eb dor\u00ebn dhe m\u00eb that\u00eb ne kemi operuar shum\u00eb, magjistrat\u00eb, zv.kryeministra, figura publike etj., por farkeq\u00ebsisht deri m\u00eb sot vet\u00ebm n\u00eb spitale private.<\/p>\n<p>Arben Beqiri: Fakti q\u00eb ju zgjodh\u00ebt sistemin pubik, nd\u00ebr t\u00eb tjera zgjodh\u00ebt kirurg\u00eb q\u00eb p\u00ebrfaq\u00ebson nj\u00eb forc\u00eb tjet\u00ebr, tregon q\u00eb n\u00eb fakt kjo \u00ebhst\u00eb nj\u00eb pjes\u00eb e emancipimit dhe rritjes s\u00eb besimit.<\/p>\n<p>Rama: Un\u00eb isha shtrir kur prof.Gjata erdhi dhe tha kemi me vete dhje nj\u00eb ish-minist\u00ebr Sh\u00ebndet\u00ebsie, un\u00eb thash ca ndodhi.<\/p>\n<p>Arben Gjata: Para disa muajsh takova nj\u00eb mikun ton\u00eb amerikan, i cili ka ardhur n\u00eb Shqip\u00ebri q\u00eb nga \u201991 dhe \u00ebsht\u00eb Mark Johnson, gastroenterologu personal i Bill Clinton dhe George \u00cb. Bush tha se jam shum\u00eb i emocionuar sepse mbaj mend spitalin e vjet\u00ebr ku gj\u00ebmonin edhe minjt\u00eb me fshes\u00eb edhe kur hyri n\u00eb sall\u00eb tha se nuk e di se \u00e7far\u00eb them. Tha Po ta them edhe me z\u00eb t\u00eb ul\u00ebt se standartet i keni nj\u00ebsoj.<\/p>","protected":false},"excerpt":{"rendered":"<p>Kryeministri Edi Rama ka ndar\u00eb nj\u00eb fragment t\u00eb shkurt\u00ebr nga podcast i radh\u00ebs q\u00eb ka zhvilluar. K\u00ebt\u00eb her\u00eb kryeministri do t\u00eb ket\u00eb t\u00eb ftuar gazetaren mjek\u00ebt q\u00eb e operuan nj\u00eb jav\u00eb m\u00eb par\u00eb, pasi u diagnostifikua me appendesit aukut. Rama shihet p\u00ebrball\u00eb tyre teksa zhvillojn\u00eb nj\u00eb bashk\u00ebbisedum. Ekipi q\u00eb operoi kryeministrin Edi Rama ishin Prof. [&hellip;]<\/p>\n","protected":false},"author":2031,"featured_media":319700,"comment_status":"closed","ping_status":"closed","sticky":false,"template":"","format":"standard","meta":{"footnotes":""},"categories":[241,231,235],"tags":[],"class_list":{"0":"post-319699","1":"post","2":"type-post","3":"status-publish","4":"format-standard","5":"has-post-thumbnail","7":"category-aktualitet","8":"category-lajme","9":"category-vendi"},"_links":{"self":[{"href":"https:\/\/zjarr.tv\/en\/wp-json\/wp\/v2\/posts\/319699","targetHints":{"allow":["GET"]}}],"collection":[{"href":"https:\/\/zjarr.tv\/en\/wp-json\/wp\/v2\/posts"}],"about":[{"href":"https:\/\/zjarr.tv\/en\/wp-json\/wp\/v2\/types\/post"}],"author":[{"embeddable":true,"href":"https:\/\/zjarr.tv\/en\/wp-json\/wp\/v2\/users\/2031"}],"replies":[{"embeddable":true,"href":"https:\/\/zjarr.tv\/en\/wp-json\/wp\/v2\/comments?post=319699"}],"version-history":[{"count":0,"href":"https:\/\/zjarr.tv\/en\/wp-json\/wp\/v2\/posts\/319699\/revisions"}],"wp:featuredmedia":[{"embeddable":true,"href":"https:\/\/zjarr.tv\/en\/wp-json\/wp\/v2\/media\/319700"}],"wp:attachment":[{"href":"https:\/\/zjarr.tv\/en\/wp-json\/wp\/v2\/media?parent=319699"}],"wp:term":[{"taxonomy":"category","embeddable":true,"href":"https:\/\/zjarr.tv\/en\/wp-json\/wp\/v2\/categories?post=319699"},{"taxonomy":"post_tag","embeddable":true,"href":"https:\/\/zjarr.tv\/en\/wp-json\/wp\/v2\/tags?post=319699"}],"curies":[{"name":"wp","href":"https:\/\/api.w.org\/{rel}","templated":true}]}}