{"id":319738,"date":"2023-04-24T12:33:42","date_gmt":"2023-04-24T10:33:42","guid":{"rendered":"https:\/\/zjarr.tv\/?p=319738"},"modified":"2023-04-24T12:33:42","modified_gmt":"2023-04-24T10:33:42","slug":"alibeaj-syte-tane-jane-drejt","status":"publish","type":"post","link":"https:\/\/zjarr.tv\/en\/alibeaj-syte-tane-jane-drejt\/","title":{"rendered":"Alibeaj: Syt\u00eb tan\u00eb jan\u00eb drejt &#8230;"},"content":{"rendered":"<p>Kryetari i komanduar i Partis\u00eb Demokratike, Enkelejd Alibeaj tha nga Finiqi se vendi sot vuan prej korrupsionit dhe abuzimit me pushtetin. Alibeaj tha se Berisha, Rama dhe Meta kan\u00eb n\u00eb pushtet q\u00eb nga viti 1990.<\/p>\n<p>\u201cMjafton t\u00eb shoh\u00ebsh nj\u00eb gj\u00eb t\u00eb thjesht: nga se vuan sot shteti shqiptar? Vuan nga korrupsioni. Vuan nga abuzimi me pushtetin. Dhe jo vet\u00ebm kaq, por se drejtuesit e vjet\u00ebr, treshja drejtuese e shtetit shqiptar n\u00eb 33 vite, se tre veta kan\u00eb qen\u00eb Edi Rama, Sali Berisha, Ilir Meta, datojn\u00eb q\u00eb nga viti 1990. Sali Berisha dhe Ilir Meta hyn\u00eb n\u00eb politik\u00eb n\u00eb 90-\u00ebn dhe jan\u00eb ende n\u00eb politik\u00eb. Por un\u00eb nuk di lider n\u00eb Europ\u00eb sot q\u00eb t\u00eb jen\u00eb ende. Kan\u00eb ikur kryeministra n\u00eb Gjermani, Itali, Franc\u00eb e kudo, kan\u00eb ikur nuk jan\u00eb m\u00eb n\u00eb sken\u00eb politike. Vet\u00ebm k\u00ebtu jan\u00eb ende. Edi Rama ka n\u00eb pushtet pa l\u00ebvizur fare, q\u00eb n\u00eb 1998-\u00ebn. 1998-2023 ka b\u00ebr\u00eb pushim vet\u00ebm nj\u00eb vit e gjysm\u00eb. Iku nga Bashkia e Tiran\u00ebs n\u00eb 2011, erdhi n\u00eb pushtet n\u00eb 2013-\u00ebn. Gjith\u00eb pjes\u00ebn tjet\u00ebr ka qen\u00eb n\u00eb pushtet\u201d, tha Alibeaj.<\/p>\n<p>Alibeaj shprehet se syt\u00eb e tyre jan\u00eb drejt per\u00ebndimit t\u00eb zhvilluar dhe civilizuar ku rrespektohet e drejta p\u00ebr t\u00eb votuar i lir\u00eb, shteti ligjor, liria, demokracia, etj.<\/p>\n<p>\u201cSyt\u00eb tan\u00eb jan\u00eb drejt per\u00ebndimit, nga per\u00ebndimi i zhvilluar, nga per\u00ebndimi i civilizuar dhe t\u00eb zbatojm\u00eb ata vlera q\u00eb ata kan\u00eb. Kjo \u00ebsht\u00eb familja europiane ku duhet t\u00eb marrim pjes\u00eb edhe ne. Dhe \u00ebsht\u00eb e papranueshme, e pa tolerueshme q\u00eb sot p\u00ebrfaq\u00ebsues tan\u00eb dikur, Sali Berisha, t\u00eb shpall luft\u00eb ndaj Amerik\u00ebs, Mbret\u00ebris\u00eb s\u00eb Bashkuar dhe Bashkimi Europian. Nuk \u00ebsht\u00eb kjo Partia Demokratike. N\u00eb qoft\u00eb se n\u00eb 90-\u00ebn sistemi ndryshoi, ndryshoi duke kthyer syte nga per\u00ebndimi. At\u00eb donim ne, lirin\u00eb, demokracin\u00eb, respektimin e t\u00eb drejtave t\u00eb individit, respektimin e pron\u00ebs, t\u00eb drejt\u00ebn p\u00ebr t\u00eb votuar i lir\u00eb, p\u00ebr t\u00eb pasur shtet ligjor\u201d- tha Alibeaj.<\/p>","protected":false},"excerpt":{"rendered":"<p>Kryetari i komanduar i Partis\u00eb Demokratike, Enkelejd Alibeaj tha nga Finiqi se vendi sot vuan prej korrupsionit dhe abuzimit me pushtetin. Alibeaj tha se Berisha, Rama dhe Meta kan\u00eb n\u00eb pushtet q\u00eb nga viti 1990. \u201cMjafton t\u00eb shoh\u00ebsh nj\u00eb gj\u00eb t\u00eb thjesht: nga se vuan sot shteti shqiptar? Vuan nga korrupsioni. Vuan nga abuzimi me [&hellip;]<\/p>\n","protected":false},"author":2037,"featured_media":294490,"comment_status":"closed","ping_status":"closed","sticky":false,"template":"","format":"standard","meta":{"footnotes":""},"categories":[241,364,5380,231,1454,235],"tags":[],"class_list":{"0":"post-319738","1":"post","2":"type-post","3":"status-publish","4":"format-standard","5":"has-post-thumbnail","7":"category-aktualitet","8":"category-koment-opinion","9":"category-kryesore","10":"category-lajme","11":"category-politike","12":"category-vendi"},"_links":{"self":[{"href":"https:\/\/zjarr.tv\/en\/wp-json\/wp\/v2\/posts\/319738","targetHints":{"allow":["GET"]}}],"collection":[{"href":"https:\/\/zjarr.tv\/en\/wp-json\/wp\/v2\/posts"}],"about":[{"href":"https:\/\/zjarr.tv\/en\/wp-json\/wp\/v2\/types\/post"}],"author":[{"embeddable":true,"href":"https:\/\/zjarr.tv\/en\/wp-json\/wp\/v2\/users\/2037"}],"replies":[{"embeddable":true,"href":"https:\/\/zjarr.tv\/en\/wp-json\/wp\/v2\/comments?post=319738"}],"version-history":[{"count":0,"href":"https:\/\/zjarr.tv\/en\/wp-json\/wp\/v2\/posts\/319738\/revisions"}],"wp:featuredmedia":[{"embeddable":true,"href":"https:\/\/zjarr.tv\/en\/wp-json\/wp\/v2\/media\/294490"}],"wp:attachment":[{"href":"https:\/\/zjarr.tv\/en\/wp-json\/wp\/v2\/media?parent=319738"}],"wp:term":[{"taxonomy":"category","embeddable":true,"href":"https:\/\/zjarr.tv\/en\/wp-json\/wp\/v2\/categories?post=319738"},{"taxonomy":"post_tag","embeddable":true,"href":"https:\/\/zjarr.tv\/en\/wp-json\/wp\/v2\/tags?post=319738"}],"curies":[{"name":"wp","href":"https:\/\/api.w.org\/{rel}","templated":true}]}}