{"id":321565,"date":"2023-05-16T13:06:46","date_gmt":"2023-05-16T11:06:46","guid":{"rendered":"https:\/\/zjarr.tv\/?p=321565"},"modified":"2023-05-16T13:06:46","modified_gmt":"2023-05-16T11:06:46","slug":"nuk-flas-prape-se-behem-si-ilir-meta-andi-bushati-i-thashe-berishes-dhe-belindit-qe-do-iu-masakrojne","status":"publish","type":"post","link":"https:\/\/zjarr.tv\/en\/nuk-flas-prape-se-behem-si-ilir-meta-andi-bushati-i-thashe-berishes-dhe-belindit-qe-do-iu-masakrojne\/","title":{"rendered":"&#8220;Nuk flas prap\u00eb se b\u00ebhem si Ilir Meta&#8221; &#8211; Andi Bushati: I thash\u00eb Berish\u00ebs dhe Belindit, q\u00eb do iu masakrojn\u00eb"},"content":{"rendered":"<p>Analisti Andi Bushati tha se e kishte paralajm\u00ebruar Berish\u00ebn p\u00ebr rezultatin e zgjedhjeve t\u00eb 14 majit.<\/p>\n<p>Harta e Shqip\u00ebris\u00eb e ngjyrosur kryesisht ngjyr\u00eb mavi, sipas Bushatit \u00ebsht\u00eb \u201cmasakrimi\u201d p\u00ebr t\u00eb cilin i foli Berish\u00ebs.<\/p>\n<p>\u201cS\u2019kam asnj\u00eb koment sepse s\u2019kam asnj\u00eb surpriz\u00eb. \u00cbsht\u00eb e nj\u00ebjta gj\u00eb q\u00eb po e them prej 4 muajsh n\u00eb k\u00ebt\u00eb studio. Nuk e di a jeni ju t\u00eb surprizuar, por un\u00eb nuk jam. Prisja \u00e7do gj\u00eb q\u00eb do t\u00eb shkruante n\u00eb let\u00ebr Edi Rama.<\/p>\n<p>Un\u00eb nuk i them dot t\u00eb nj\u00ebjtat gj\u00ebra tani pas pilafit se ngjaj si Ilir Meta. Bashk\u00eb kemi qen\u00eb k\u00ebtu me Belindin, me Berish\u00ebn, q\u00eb iu kam th\u00ebn\u00eb \u2018do iu masakrojn\u00eb, s\u2019keni shanc t\u00eb fitoni Tiran\u00ebn, Durr\u00ebsin, Elbasanin\u2019 dhe thoshin fitorja blu, uragani blu \u00ebsht\u00eb i pamohuesh\u00ebm.<\/p>\n<p>Tani duket sikur p\u00ebrs\u00ebris un\u00eb fjal\u00ebt e tyre, por n\u00eb fakt kemi ardhur te nj\u00eb pik\u00eb q\u00eb \u00ebsht\u00eb rezultat q\u00eb dihet dhe merr vet\u00ebm nj\u00eb fabul. Shiko si \u00ebsht\u00eb sjell\u00eb nj\u00eb shtet fashist n\u00eb Himar\u00eb p\u00ebr t\u00eb kuptuar se \u00e7\u2019ka b\u00ebr\u00eb n\u00eb gjith\u00eb Shqip\u00ebrin\u00eb,\u201d \u2013 u shpreh Bushati.<\/p>","protected":false},"excerpt":{"rendered":"<p>Analisti Andi Bushati tha se e kishte paralajm\u00ebruar Berish\u00ebn p\u00ebr rezultatin e zgjedhjeve t\u00eb 14 majit. Harta e Shqip\u00ebris\u00eb e ngjyrosur kryesisht ngjyr\u00eb mavi, sipas Bushatit \u00ebsht\u00eb \u201cmasakrimi\u201d p\u00ebr t\u00eb cilin i foli Berish\u00ebs. \u201cS\u2019kam asnj\u00eb koment sepse s\u2019kam asnj\u00eb surpriz\u00eb. \u00cbsht\u00eb e nj\u00ebjta gj\u00eb q\u00eb po e them prej 4 muajsh n\u00eb k\u00ebt\u00eb studio. [&hellip;]<\/p>\n","protected":false},"author":2030,"featured_media":321569,"comment_status":"closed","ping_status":"closed","sticky":false,"template":"","format":"standard","meta":{"footnotes":""},"categories":[241,3366,5380,231,1454],"tags":[],"class_list":{"0":"post-321565","1":"post","2":"type-post","3":"status-publish","4":"format-standard","5":"has-post-thumbnail","7":"category-aktualitet","8":"category-koment","9":"category-kryesore","10":"category-lajme","11":"category-politike"},"_links":{"self":[{"href":"https:\/\/zjarr.tv\/en\/wp-json\/wp\/v2\/posts\/321565","targetHints":{"allow":["GET"]}}],"collection":[{"href":"https:\/\/zjarr.tv\/en\/wp-json\/wp\/v2\/posts"}],"about":[{"href":"https:\/\/zjarr.tv\/en\/wp-json\/wp\/v2\/types\/post"}],"author":[{"embeddable":true,"href":"https:\/\/zjarr.tv\/en\/wp-json\/wp\/v2\/users\/2030"}],"replies":[{"embeddable":true,"href":"https:\/\/zjarr.tv\/en\/wp-json\/wp\/v2\/comments?post=321565"}],"version-history":[{"count":0,"href":"https:\/\/zjarr.tv\/en\/wp-json\/wp\/v2\/posts\/321565\/revisions"}],"wp:featuredmedia":[{"embeddable":true,"href":"https:\/\/zjarr.tv\/en\/wp-json\/wp\/v2\/media\/321569"}],"wp:attachment":[{"href":"https:\/\/zjarr.tv\/en\/wp-json\/wp\/v2\/media?parent=321565"}],"wp:term":[{"taxonomy":"category","embeddable":true,"href":"https:\/\/zjarr.tv\/en\/wp-json\/wp\/v2\/categories?post=321565"},{"taxonomy":"post_tag","embeddable":true,"href":"https:\/\/zjarr.tv\/en\/wp-json\/wp\/v2\/tags?post=321565"}],"curies":[{"name":"wp","href":"https:\/\/api.w.org\/{rel}","templated":true}]}}