{"id":325601,"date":"2023-06-20T12:18:54","date_gmt":"2023-06-20T10:18:54","guid":{"rendered":"https:\/\/zjarr.tv\/?p=325601"},"modified":"2023-06-20T12:22:28","modified_gmt":"2023-06-20T10:22:28","slug":"ismet-drishti-ndiej-dhimbje-gjici-do-jepte-60-mije-leke-per-qen-ndihma-sociale-eshte-30","status":"publish","type":"post","link":"https:\/\/zjarr.tv\/en\/ismet-drishti-ndiej-dhimbje-gjici-do-jepte-60-mije-leke-per-qen-ndihma-sociale-eshte-30\/","title":{"rendered":"Ismet Drishti: Ndiej dhimbje, Gjici do jepte 60 mij\u00eb lek\u00eb p\u00ebr qen, ndihma sociale p\u00ebr njer\u00ebz \u00ebsht\u00eb 30"},"content":{"rendered":"<p>\u201cKorrupsion m\u00eb t\u00eb madh s\u2019ka. Vajza nuk vajti me projekt gati, Gjici i tha ta b\u00ebjm\u00eb ne\u201d, k\u00ebshtu tha gazetari Ismet Drishti p\u00ebr \u201cNow me Erla M\u00ebhillin\u201d, duke shpjeguar se pse video-kandali i publikuar i Safet Gjicit d\u00ebshmon se \u201ckorrupsioni \u00ebsht\u00eb i kopsitur\u201d.<\/p>\n<p>Ai tha Gjici i ka v\u00ebn\u00eb n\u00eb dispozicion t\u00eb gjith\u00eb stafin e tij vajz\u00ebs, e madje ka qen\u00eb i gatsh\u00ebm t\u00eb jap\u00eb 60 mij\u00eb lek\u00eb p\u00ebr nj\u00eb qen, nd\u00ebrkoh\u00eb q\u00eb p\u00ebr ndihm\u00ebn sociale q\u00eb \u00ebsht\u00eb sa gjysma e k\u00ebsaj shum\u00eb b\u00ebhet luft\u00eb e mezi e japin.<\/p>\n<p>\u201cSa i p\u00ebrket vepr\u00ebs penale, un\u00eb nuk jam penalist, nuk jam jurist kam punuar jam marr\u00eb pak me gazetari, por jam i v\u00ebmendsh\u00ebm kur flasin dhe n\u00eb momentin kur kryetari i bashkis\u00eb i v\u00eb n\u00eb dispozicion t\u00eb gjith\u00eb stafin dhe i thot\u00eb se do i b\u00ebjm\u00eb ne gjith\u00eb shkresat, p\u00ebr mua vepra penale \u00ebsht\u00eb e kopsitur, se po ta d\u00ebgjoni Gjicin thot\u00eb i b\u00ebjm\u00eb ne k\u00ebto\u201d,- tha Ismet Drishti nd\u00ebrsa sht\u00ebpi se pavar\u00ebsisht k\u00ebsaj dhimbjen m\u00eb t\u00eb madhe ia dha nj\u00eb tjet\u00ebr moment, kur d\u00ebgjoi q\u00eb p\u00ebr nj\u00eb qen do jepeshin 60 mij\u00eb lek\u00eb nd\u00ebrsa ndihma ekonomike p\u00ebr person \u00ebsht\u00eb 30 mij\u00eb lek\u00eb.<\/p>\n<p>\u201cpara s\u00eb gjithash ndjeva nj\u00eb dhimbje t\u00eb tmerrshme, se ne jetojm\u00eb n\u00eb Shqip\u00ebri e nuk mund t\u00eb flasim vet\u00ebm nga ana ligjore kur d\u00ebgjoj q\u00eb k\u00ebrkohen 60 mij\u00eb lek\u00eb t\u00eb vjetra n\u00eb muaj p\u00ebr nj\u00eb qen. Ndihma sociale sot \u00ebsht\u00eb 30 mij\u00eb lek\u00eb. E kuptoni se ku jetojm\u00eb?<\/p>\n<p>Me sa leht\u00ebsi jepen 60 mij\u00eb lek\u00eb p\u00ebr nj\u00eb qen e b\u00ebhet luft\u00eb p\u00ebr njer\u00ebz q\u00eb marrin 30 mij\u00eb lek\u00eb ndihm\u00eb sociale. Un\u00eb mendoj se kjo \u00ebsht\u00eb m\u00eb e r\u00ebnd\u00ebsishme se \u00e7\u00ebshtjet teknike\u201d,-u shpreh Drishti.<\/p>","protected":false},"excerpt":{"rendered":"<p>\u201cKorrupsion m\u00eb t\u00eb madh s\u2019ka. Vajza nuk vajti me projekt gati, Gjici i tha ta b\u00ebjm\u00eb ne\u201d, k\u00ebshtu tha gazetari Ismet Drishti p\u00ebr \u201cNow me Erla M\u00ebhillin\u201d, duke shpjeguar se pse video-kandali i publikuar i Safet Gjicit d\u00ebshmon se \u201ckorrupsioni \u00ebsht\u00eb i kopsitur\u201d. Ai tha Gjici i ka v\u00ebn\u00eb n\u00eb dispozicion t\u00eb gjith\u00eb stafin e [&hellip;]<\/p>\n","protected":false},"author":2030,"featured_media":325602,"comment_status":"closed","ping_status":"closed","sticky":false,"template":"","format":"standard","meta":{"footnotes":""},"categories":[241,3366,5380,231,1454],"tags":[],"class_list":{"0":"post-325601","1":"post","2":"type-post","3":"status-publish","4":"format-standard","5":"has-post-thumbnail","7":"category-aktualitet","8":"category-koment","9":"category-kryesore","10":"category-lajme","11":"category-politike"},"_links":{"self":[{"href":"https:\/\/zjarr.tv\/en\/wp-json\/wp\/v2\/posts\/325601","targetHints":{"allow":["GET"]}}],"collection":[{"href":"https:\/\/zjarr.tv\/en\/wp-json\/wp\/v2\/posts"}],"about":[{"href":"https:\/\/zjarr.tv\/en\/wp-json\/wp\/v2\/types\/post"}],"author":[{"embeddable":true,"href":"https:\/\/zjarr.tv\/en\/wp-json\/wp\/v2\/users\/2030"}],"replies":[{"embeddable":true,"href":"https:\/\/zjarr.tv\/en\/wp-json\/wp\/v2\/comments?post=325601"}],"version-history":[{"count":2,"href":"https:\/\/zjarr.tv\/en\/wp-json\/wp\/v2\/posts\/325601\/revisions"}],"predecessor-version":[{"id":325606,"href":"https:\/\/zjarr.tv\/en\/wp-json\/wp\/v2\/posts\/325601\/revisions\/325606"}],"wp:featuredmedia":[{"embeddable":true,"href":"https:\/\/zjarr.tv\/en\/wp-json\/wp\/v2\/media\/325602"}],"wp:attachment":[{"href":"https:\/\/zjarr.tv\/en\/wp-json\/wp\/v2\/media?parent=325601"}],"wp:term":[{"taxonomy":"category","embeddable":true,"href":"https:\/\/zjarr.tv\/en\/wp-json\/wp\/v2\/categories?post=325601"},{"taxonomy":"post_tag","embeddable":true,"href":"https:\/\/zjarr.tv\/en\/wp-json\/wp\/v2\/tags?post=325601"}],"curies":[{"name":"wp","href":"https:\/\/api.w.org\/{rel}","templated":true}]}}