{"id":326017,"date":"2023-06-25T07:15:47","date_gmt":"2023-06-25T05:15:47","guid":{"rendered":"https:\/\/zjarr.tv\/?p=326017"},"modified":"2023-06-25T07:15:47","modified_gmt":"2023-06-25T05:15:47","slug":"arrestimi-i-safet-gjicit-birn-pas-aktit-seksual-kryebashkiaku-i-kukesit-i-telefonoi-vartesit-qe-ti-miratonin-projektin-gruas-ne-videoskandal","status":"publish","type":"post","link":"https:\/\/zjarr.tv\/en\/arrestimi-i-safet-gjicit-birn-pas-aktit-seksual-kryebashkiaku-i-kukesit-i-telefonoi-vartesit-qe-ti-miratonin-projektin-gruas-ne-videoskandal\/","title":{"rendered":"Arrestimi i Safet Gjicit, BIRN: Pas aktit seksual kryebashkiaku i Kuk\u00ebsit i telefonoi vart\u00ebsit q\u00eb t\u2019i miratonin projektin gruas n\u00eb videoskandal"},"content":{"rendered":"<p>Policia ekzekutoi t\u00eb shtun\u00ebn mas\u00ebn e siguris\u00eb \u201carrest n\u00eb burg\u201d, t\u00eb caktuar nga Gjykata e Posa\u00e7me e Shkall\u00ebs s\u00eb Par\u00eb ndaj kryetarit t\u00eb Bashkis\u00eb s\u00eb Kuk\u00ebsit, Safet Gjici. Arrestimi u b\u00eb bazuar n\u00eb k\u00ebrkes\u00ebn e Prokuroris\u00eb s\u00eb Posa\u00e7me kund\u00ebr Korrupsionit dhe Krimit t\u00eb Organizuar, SPAK pas hetimit t\u00eb rrethanave t\u00eb konstatuara n\u00eb nj\u00eb videoregjistrim q\u00eb qarkulloi n\u00eb internet, n\u00eb t\u00eb cil\u00ebn Gjici shfaqej duke kryer marr\u00ebdh\u00ebnie seksuale me nj\u00eb grua, n\u00eb zyr\u00ebn e kryetarit t\u00eb Bashkis\u00eb s\u00eb Kuk\u00ebsit.<\/p>\n<p>Megjithat\u00eb, duket se akuza e ngritur nga SPAK ka t\u00eb b\u00ebj\u00eb me t\u00eb tjera episode t\u00eb konstatuara nga verifikimet paraprake. Sipas koordinatores p\u00ebr marr\u00ebdh\u00ebnien me publikun pran\u00eb SPAK, Xhulieta Krasta, ndalimi \u00ebsht\u00eb kryer p\u00ebr vepr\u00ebn penale \u201ckorrupsioni pasiv i funksionar\u00ebve t\u00eb lart\u00eb shtet\u00ebrore ose i t\u00eb zgjedhurve vendor\u00eb\u201d, parashikuar nga neni 260 i Kodit Penal q\u00eb p\u00ebrcakton d\u00ebnimin me burgim nga kat\u00ebr deti n\u00eb dymb\u00ebdhjet\u00eb vjet.<\/p>\n<p>Kryetari i Bashkis\u00eb s\u00eb Kuk\u00ebsit i rizgjedhur m\u00eb 14 maj, Safet Gjici dha dor\u00ebheqjen m\u00eb 16 qershor pasi n\u00eb internet qarkulloi nj\u00eb video e tij duke kryer marr\u00ebdh\u00ebnie seksuale me nj\u00eb grua.<\/p>\n<p>Video q\u00eb \u00ebsht\u00eb filmuar n\u00eb zyr\u00ebn e kryetarit t\u00eb Bashkis\u00eb s\u00eb Kuk\u00ebsit dhe u shp\u00ebrnda gjer\u00ebsisht n\u00eb rrjete sociale, mban dat\u00ebn 16 qershor 2023. Pas publikimit t\u00eb saj, SPAK njoftoi nisje t\u00eb nj\u00eb procedimi penal.<\/p>\n<p>N\u00eb dit\u00ebt n\u00eb vijim n\u00eb emisionin \u201cXhung\u00ebl\u201d u publikuan pjes\u00eb t\u00eb tjera t\u00eb videoregjistrimit, ku pas kryerjes s\u00eb aktit seksual, midis Gjicit dhe gruas protagoniste, \u00ebsht\u00eb diskutuar p\u00ebr nj\u00eb projekt t\u00eb menaxhimit t\u00eb qenve t\u00eb rrug\u00ebve. Gjici shfaqet n\u00eb zyr\u00ebn e tij duke u telefonuar vart\u00ebsve dhe m\u00eb pas diskuton n\u00eb m\u00ebnyr\u00eb t\u00eb drejtp\u00ebrdrejt\u00eb me nj\u00eb prej tyre duke i k\u00ebrkuar q\u00eb t\u00eb kujdesen p\u00ebr realizimin e projektit t\u00eb propozuar nga gruaja me t\u00eb cil\u00ebn kishte kryer marr\u00ebdh\u00ebnie seksuale, me q\u00ebllim q\u00eb t\u00eb mund ta kalonin projektin n\u00eb k\u00ebshill p\u00ebr miratim.<\/p>\n<p>Nd\u00ebrkoh\u00eb pasi Gjici pati njoftuar dor\u00ebheqjen, Ministria e Financave Delina Ibrahimi njoftoi se K\u00ebshilli i Ministrave kishte vendosur shkarkimin e menj\u00ebhersh\u00ebm t\u00eb tij nga detyra.<\/p>\n<p>Gjici i fitoi zgjedhjet lokale t\u00eb majit dhe mori mandatin e dyt\u00eb n\u00eb Kuk\u00ebs. Mandatin e par\u00eb ai e mori n\u00eb zgjedhjet pa gar\u00eb t\u00eb vitit 2019.<\/p>\n<p>Gjici \u00ebsht\u00eb kryebashkiaku i dyt\u00eb Socialist q\u00eb dor\u00ebhiqet pas nj\u00eb ngjarje t\u00eb ngjashme. Pasi u arrestua n\u00eb maj t\u00eb vitit 2016, ish-kryebashkiaku i Dibr\u00ebs Shukri Xhelili u d\u00ebnua me 1 vit e 8 muaj burg, p\u00ebrfshi koh\u00ebn e paraburgimit, p\u00ebr akuz\u00ebn e \u201cmarr\u00ebdh\u00ebnies seksuale ose homoseksuale duke shp\u00ebrdoruar detyr\u00ebn\u201d. Xhelili u arrestua pas transmetimit t\u00eb nj\u00eb kamera t\u00eb fsheht\u00eb ku ai shfaqej duke i ofruar nj\u00eb vend pune nj\u00eb vajze n\u00eb k\u00ebmbim t\u00eb favoreve seksuale.\/BIRN<\/p>","protected":false},"excerpt":{"rendered":"<p>Policia ekzekutoi t\u00eb shtun\u00ebn mas\u00ebn e siguris\u00eb \u201carrest n\u00eb burg\u201d, t\u00eb caktuar nga Gjykata e Posa\u00e7me e Shkall\u00ebs s\u00eb Par\u00eb ndaj kryetarit t\u00eb Bashkis\u00eb s\u00eb Kuk\u00ebsit, Safet Gjici. Arrestimi u b\u00eb bazuar n\u00eb k\u00ebrkes\u00ebn e Prokuroris\u00eb s\u00eb Posa\u00e7me kund\u00ebr Korrupsionit dhe Krimit t\u00eb Organizuar, SPAK pas hetimit t\u00eb rrethanave t\u00eb konstatuara n\u00eb nj\u00eb videoregjistrim q\u00eb [&hellip;]<\/p>\n","protected":false},"author":2031,"featured_media":325242,"comment_status":"closed","ping_status":"closed","sticky":false,"template":"","format":"standard","meta":{"footnotes":""},"categories":[241,231,235],"tags":[],"class_list":{"0":"post-326017","1":"post","2":"type-post","3":"status-publish","4":"format-standard","5":"has-post-thumbnail","7":"category-aktualitet","8":"category-lajme","9":"category-vendi"},"_links":{"self":[{"href":"https:\/\/zjarr.tv\/en\/wp-json\/wp\/v2\/posts\/326017","targetHints":{"allow":["GET"]}}],"collection":[{"href":"https:\/\/zjarr.tv\/en\/wp-json\/wp\/v2\/posts"}],"about":[{"href":"https:\/\/zjarr.tv\/en\/wp-json\/wp\/v2\/types\/post"}],"author":[{"embeddable":true,"href":"https:\/\/zjarr.tv\/en\/wp-json\/wp\/v2\/users\/2031"}],"replies":[{"embeddable":true,"href":"https:\/\/zjarr.tv\/en\/wp-json\/wp\/v2\/comments?post=326017"}],"version-history":[{"count":1,"href":"https:\/\/zjarr.tv\/en\/wp-json\/wp\/v2\/posts\/326017\/revisions"}],"predecessor-version":[{"id":326018,"href":"https:\/\/zjarr.tv\/en\/wp-json\/wp\/v2\/posts\/326017\/revisions\/326018"}],"wp:featuredmedia":[{"embeddable":true,"href":"https:\/\/zjarr.tv\/en\/wp-json\/wp\/v2\/media\/325242"}],"wp:attachment":[{"href":"https:\/\/zjarr.tv\/en\/wp-json\/wp\/v2\/media?parent=326017"}],"wp:term":[{"taxonomy":"category","embeddable":true,"href":"https:\/\/zjarr.tv\/en\/wp-json\/wp\/v2\/categories?post=326017"},{"taxonomy":"post_tag","embeddable":true,"href":"https:\/\/zjarr.tv\/en\/wp-json\/wp\/v2\/tags?post=326017"}],"curies":[{"name":"wp","href":"https:\/\/api.w.org\/{rel}","templated":true}]}}