{"id":326493,"date":"2023-06-29T12:42:49","date_gmt":"2023-06-29T10:42:49","guid":{"rendered":"https:\/\/zjarr.tv\/?p=326493"},"modified":"2023-06-29T12:42:49","modified_gmt":"2023-06-29T10:42:49","slug":"dashamir-shehi-shigjeton-ps-ne-dhe-pd-ne-perdorin-mekanizma-perverse","status":"publish","type":"post","link":"https:\/\/zjarr.tv\/en\/dashamir-shehi-shigjeton-ps-ne-dhe-pd-ne-perdorin-mekanizma-perverse\/","title":{"rendered":"Dashamir Shehi shigjeton PS-n\u00eb dhe PD-n\u00eb\/ \u201cP\u00ebrdorin mekanizma pervers\u00eb\u201d"},"content":{"rendered":"<p>\u201cNisma Thurje\u201d ka nisur fushat\u00ebn p\u00ebr ndryshimin e sistemit zgjedhor.<\/p>\n<p>Deputet\u00eb t\u00eb opozit\u00ebs dhe shoq\u00ebria civile kan\u00eb mb\u00ebshtetur k\u00ebt\u00eb fushat\u00eb. Gjat\u00eb fjal\u00ebs s\u00eb tij, Endrit Shabani i &#8220;Nism\u00ebs Thurje&#8221; ka k\u00ebrkuar q\u00eb t\u00eb ulet mosha e votimit dhe personat q\u00eb nga 16 e lart t\u00eb ken\u00eb t\u00eb drejt\u00ebn e votimit.<\/p>\n<p>Nga ana tjet\u00ebr, kreu i Partis\u00eb Republikane ka k\u00ebrkuar lista t\u00eb hapura dhe jo em\u00ebrtime nga kryetar\u00ebt.<\/p>\n<p>Nd\u00ebrsa kreu i LZHK-s\u00eb, Dashamir Shehi, \u00ebsht\u00eb shprehur se duhet marr\u00eb \u00e7do iniciativ\u00eb p\u00ebr t\u00eb ndryshuar Shqip\u00ebrin\u00eb dhe iden\u00eb monopoliste t\u00eb dy partive t\u00eb m\u00ebdha.<\/p>\n<p>Ai ka shigjetuar PS-n\u00eb dhe PD-n\u00eb duke th\u00ebn\u00eb se p\u00ebrdorin nj\u00eb mekaniz\u00ebm pervers dhe nuk l\u00ebn\u00eb vend n\u00eb tavolin\u00eb p\u00ebr t\u00eb tjer\u00eb.<\/p>\n<p>&#8220;Do t\u00eb marrim iniciativ\u00eb t\u00eb ndryshojm\u00eb gjith\u00e7ka q\u00eb \u00ebsht\u00eb me r\u00ebnd\u00ebsi n\u00eb Shqip\u00ebri. Do t&#8217;i japim shans t\u00eb garojm\u00eb t\u00eb gjith\u00eb bashk\u00eb apo do ruajm\u00eb monopolin partit\u00eb e m\u00ebdha p\u00ebrfituese. E v\u00ebrtet\u00eb q\u00eb k\u00ebt\u00eb radh\u00eb fitoi PS-ja, por edhe grupi i PD-s\u00eb zyrtare i p\u00ebrfituan dhe ata nja 3 deputet\u00eb. Jemi p\u00ebrfitues nga tava e madhe. Nuk l\u00ebn\u00eb m\u00eb vend q\u00eb t\u00eb ulen t\u00eb tjer\u00eb n\u00eb tavolin\u00eb, \u00ebsht\u00eb nj\u00eb mekaniz\u00ebm pervers&#8221;, \u00ebsht\u00eb shprehur Dashamir Shehi.\/ CNA<\/p>","protected":false},"excerpt":{"rendered":"<p>\u201cNisma Thurje\u201d ka nisur fushat\u00ebn p\u00ebr ndryshimin e sistemit zgjedhor. Deputet\u00eb t\u00eb opozit\u00ebs dhe shoq\u00ebria civile kan\u00eb mb\u00ebshtetur k\u00ebt\u00eb fushat\u00eb. Gjat\u00eb fjal\u00ebs s\u00eb tij, Endrit Shabani i &#8220;Nism\u00ebs Thurje&#8221; ka k\u00ebrkuar q\u00eb t\u00eb ulet mosha e votimit dhe personat q\u00eb nga 16 e lart t\u00eb ken\u00eb t\u00eb drejt\u00ebn e votimit. Nga ana tjet\u00ebr, kreu i [&hellip;]<\/p>\n","protected":false},"author":2037,"featured_media":204109,"comment_status":"closed","ping_status":"closed","sticky":false,"template":"","format":"standard","meta":{"footnotes":""},"categories":[241,364,5380,231,1454,235],"tags":[],"class_list":{"0":"post-326493","1":"post","2":"type-post","3":"status-publish","4":"format-standard","5":"has-post-thumbnail","7":"category-aktualitet","8":"category-koment-opinion","9":"category-kryesore","10":"category-lajme","11":"category-politike","12":"category-vendi"},"_links":{"self":[{"href":"https:\/\/zjarr.tv\/en\/wp-json\/wp\/v2\/posts\/326493","targetHints":{"allow":["GET"]}}],"collection":[{"href":"https:\/\/zjarr.tv\/en\/wp-json\/wp\/v2\/posts"}],"about":[{"href":"https:\/\/zjarr.tv\/en\/wp-json\/wp\/v2\/types\/post"}],"author":[{"embeddable":true,"href":"https:\/\/zjarr.tv\/en\/wp-json\/wp\/v2\/users\/2037"}],"replies":[{"embeddable":true,"href":"https:\/\/zjarr.tv\/en\/wp-json\/wp\/v2\/comments?post=326493"}],"version-history":[{"count":1,"href":"https:\/\/zjarr.tv\/en\/wp-json\/wp\/v2\/posts\/326493\/revisions"}],"predecessor-version":[{"id":326494,"href":"https:\/\/zjarr.tv\/en\/wp-json\/wp\/v2\/posts\/326493\/revisions\/326494"}],"wp:featuredmedia":[{"embeddable":true,"href":"https:\/\/zjarr.tv\/en\/wp-json\/wp\/v2\/media\/204109"}],"wp:attachment":[{"href":"https:\/\/zjarr.tv\/en\/wp-json\/wp\/v2\/media?parent=326493"}],"wp:term":[{"taxonomy":"category","embeddable":true,"href":"https:\/\/zjarr.tv\/en\/wp-json\/wp\/v2\/categories?post=326493"},{"taxonomy":"post_tag","embeddable":true,"href":"https:\/\/zjarr.tv\/en\/wp-json\/wp\/v2\/tags?post=326493"}],"curies":[{"name":"wp","href":"https:\/\/api.w.org\/{rel}","templated":true}]}}