{"id":329789,"date":"2023-08-21T18:57:13","date_gmt":"2023-08-21T16:57:13","guid":{"rendered":"https:\/\/zjarr.tv\/?p=329789"},"modified":"2023-08-21T18:57:13","modified_gmt":"2023-08-21T16:57:13","slug":"vendimi-emocional-i-komisionerit-kunder-partise-demokratike","status":"publish","type":"post","link":"https:\/\/zjarr.tv\/en\/vendimi-emocional-i-komisionerit-kunder-partise-demokratike\/","title":{"rendered":"Vendimi \u201cemocional\u201d i Komisionerit, kund\u00ebr Partis\u00eb Demokratike"},"content":{"rendered":"<p>NGA MIRELA KARABINA<\/p>\n<p>Partia Demokratike Dega Kuk\u00ebs \u00ebsht\u00eb n\u00eb procesin e p\u00ebrzgjedhjes s\u00eb nj\u00eb kandidati dinjitoz gjith\u00ebp\u00ebrfshir\u00ebs p\u00ebr t\u2019i kthyer dinjitetin Bashkis\u00eb s\u00eb Kuk\u00ebsit t\u00eb mb\u00ebrthyer nga antivlerat dhe imoraliteti, si\u00e7 dhe ka deklaruar publikisht k\u00ebto dit\u00eb.<\/p>\n<p>Pik\u00ebrisht n\u00ea k\u00ebto momente Komisioneri Shtet\u00ebror Celibashi b\u00ebn sh\u00ebrbimin e radh\u00ebs ndaj oligarkis\u0113 politike kund\u00ebr Partis\u00eb Demokratike, em\u00ebron Partin\u00eb e Liris\u00eb t\u00eb Ilir Met\u00ebs si partin\u00eb m\u00eb t\u00eb madhe opozitare n\u00eb shkelje t\u00eb Kodit Zgjedhor, duke e interpretuar ligjin dhe jo duke e zbatuar at\u00eb.<\/p>\n<p>K\u00ebshtu, Partia e Liris\u00eb (ish LSI) do t\u00eb ket\u00eb dy komisioner\u00eb n\u00eb KZAZ nd\u00ebrsa<br \/>\nPartia Demokratike vet\u00ebm nj\u00eb p\u00ebr zgjedhjet e 24 shtatorit p\u00ebr kryetar bashkie, sipas tij.<\/p>\n<p>As m\u00eb shum\u00eb e as m\u00eb pak, i nj\u00ebjti veprim konfuzues i q\u00ebllimsh\u00ebm p\u00ebr demokrat\u00ebt dhe elektoratin opozitar si n\u00eb zgjedhjet e 14 majit kur Komisioneri Celibashi, rast i paprecedent\u00eb, p\u00ebrcaktoi \u201cemocionalisht\u201d dhe jo institucionalisht se kush \u00ebsht\u00eb shumic\u00eb n\u00eb PD dhe pengoi regjistrimin n\u00eb koh\u00eb t\u00eb saj p\u00ebr zgjedhjet vendore.<\/p>\n<p>Pavar\u00ebsisht se e drejta fitoi, PD u regjistrua si\u00e7 ligji e p\u00ebrcakton me logo e vul\u00eb, por d\u0113mi u b\u00eb: \u00e7orientimi i demokrat\u00ebve dhe mosqart\u0113sia se \u00e7far\u00eb po ndodhte me PD-n\u00eb duke refuzuar vot\u00ebn, 250 mij\u00eb vota demokrat\u00ebsh m\u00eb pak apo dhe t\u00eb elektoratit opozitar munguan, edhe p\u00ebr k\u00ebt\u00eb arsye.<\/p>\n<p>Por demokrat\u00ebt e Kuk\u00ebsit, dhe jo vet\u00ebm,<br \/>\nduhet t\u00eb jen\u00eb t\u00eb qet\u00eb se, q\u00eb PD \u00ebsht\u00eb partia m\u00eb e madhe opozitare nuk e vendos as KQZ, dhe as pasunar\u00ebt politiko-oligarkik\u00eb t\u00eb Tiran\u00ebs por vota e tyre dhe ligji.<br \/>\nPartia Demokratike do t\u00eb mbroj\u00eb \u00e7do vot\u00eb t\u00eb tyre n\u0113 zgjedhjet e 24 Shtatorit, si n\u0113 rrafshin politik ashtu dhe n\u00eb at\u00eb ligjor.<br \/>\n\u00c7do p\u00ebrpjekje e maxhoranc\u00ebs p\u00ebr t\u00eb krijuar nj\u00eb opozit\u00eb fars\u00eb, pra jo reale, jan\u00eb t\u00eb d\u00ebshtuara pasi demokrat\u00ebt nuk mund t\u00eb p\u00ebrdoren m\u0113 si mish p\u00ebr top.<\/p>\n<p>Aq m\u00eb tep\u00ebr n\u00eb k\u00ebt\u00eb gusht e shtator p\u00ebrv\u00eblues politik, ku m\u00eb n\u00eb fund, funksionimi i drejt\u00ebsis\u00eb p\u00ebrmes SPAK po v\u00eb para pergjegj\u0113sis\u00eb politikan\u00eb e zyrtar\u00eb t\u00eb korruptuar, t\u00eb papreksh\u00ebm deri m\u00eb sot, t\u00eb majt\u00eb e t\u00eb djatht\u00eb.<\/p>\n<p>Nd\u00ebrkoh\u00eb q\u00eb qytetar\u00ebt e Kuk\u00ebsit vuajn\u0113 pasojat e keqmenaxhimit t\u00eb qytetit nga keqqeverisja lokale e korruptuar por dhe kthimin e zyrave shtet\u00ebrore n\u00eb \u201cbordello t\u00eb licensuara\u201d nga kryetari, p\u0113r fatin e tyre u dashka t\u00eb vendosin<br \/>\ninteresat e s\u00ebmura t\u00eb Tiran\u00ebs.<\/p>\n<p>Po pse? P\u00ebr interesa t\u00eb kujt?<\/p>\n<p>T\u00eb demokrat\u00ebve as q\u00eb b\u00ebhet fjal\u00eb!<\/p>\n<p>K\u00ebshtu q\u00eb, demokrat\u00ebt e Kuk\u0113sit jan\u00eb n\u00eb nj\u0113 moment t\u00eb r\u00ebnd\u00ebsish\u00ebm dhe duhet t\u00eb dalin mbi k\u00ebt\u00eb zallamahi interesash personal\u00eb, t\u00eb kujdo qofshin ato.<\/p>\n<p>Ky model i deformuar i qeverisjes<br \/>\ns\u00eb qytetit nga maxhoranca e korruptuar e incerenator\u00ebve dhe e kullave duhet t\u00eb ndalet.<br \/>\nDhe m\u00eb mire se demokrat\u00ebt e Kuk\u00ebsit n\u00eb keto momente, nuk mund ta b\u00ebj kush.<\/p>\n<p>Qytetar\u00ebt kuksian\u00eb meritojn\u00eb t\u00eb qeverisen ndersh\u00ebm me p\u00ebrkushtim dhe pa hije korrupsioni nga pas.<\/p>\n<p>Dhe kjo mund t\u00eb arrihet vet\u00ebm me kund\u00ebr modelin, t\u00eb cilin PD e Kuk\u00ebsit do t\u00eb duhet t\u00eb ofroj\u00eb.<\/p>\n<p>P\u00ebrp\u00eblitjet e establishmetit t\u00eb vjet\u00ebr politik jan\u00eb djall\u00ebzore dhe n\u00eb kurriz t\u00eb interesave t\u00eb qytetar\u00ebve por kuksian\u00ebt<br \/>\nnuk do t\u00eb mund t\u2018i manipulojn\u00eb kollaj.<\/p>\n<p>Ndaj, zgjedhja e nj\u00eb kandidati t\u00eb gjith\u00ebpranuar q\u00eb vendos Kuk\u00ebsin para partis\u00eb dhe detyr\u00ebn e konsideron si p\u00ebrgjegj\u00ebsi dhe n\u00eb sh\u00ebrbim t\u00eb qytetar\u00ebve, \u00ebsht\u00eb domosdoshm\u00ebri.<\/p>\n<p>Komisioneri Celibashi dhe shpura pasi tij p\u00ebrkoh\u00ebsisht mund ta keqp\u00ebrdorin ligjin n\u00eb kurriz t\u00eb Partis\u00eb Demokratike, por kurr\u00ebsesi nuk mund ta zhb\u00ebjn\u00eb dot at\u00eb.<\/p>\n<p>Partia Demokratike \u00ebsht\u00eb partia m\u00eb e madhe opozitare, pasi k\u00ebt\u00eb e ka vendosur vota e qytetar\u00ebve dhe ligji!<\/p>","protected":false},"excerpt":{"rendered":"<p>NGA MIRELA KARABINA Partia Demokratike Dega Kuk\u00ebs \u00ebsht\u00eb n\u00eb procesin e p\u00ebrzgjedhjes s\u00eb nj\u00eb kandidati dinjitoz gjith\u00ebp\u00ebrfshir\u00ebs p\u00ebr t\u2019i kthyer dinjitetin Bashkis\u00eb s\u00eb Kuk\u00ebsit t\u00eb mb\u00ebrthyer nga antivlerat dhe imoraliteti, si\u00e7 dhe ka deklaruar publikisht k\u00ebto dit\u00eb. Pik\u00ebrisht n\u00ea k\u00ebto momente Komisioneri Shtet\u00ebror Celibashi b\u00ebn sh\u00ebrbimin e radh\u00ebs ndaj oligarkis\u0113 politike kund\u00ebr Partis\u00eb Demokratike, em\u00ebron [&hellip;]<\/p>\n","protected":false},"author":2037,"featured_media":324713,"comment_status":"closed","ping_status":"closed","sticky":false,"template":"","format":"standard","meta":{"footnotes":""},"categories":[241,364,5380,231,1454,235],"tags":[],"class_list":{"0":"post-329789","1":"post","2":"type-post","3":"status-publish","4":"format-standard","5":"has-post-thumbnail","7":"category-aktualitet","8":"category-koment-opinion","9":"category-kryesore","10":"category-lajme","11":"category-politike","12":"category-vendi"},"_links":{"self":[{"href":"https:\/\/zjarr.tv\/en\/wp-json\/wp\/v2\/posts\/329789","targetHints":{"allow":["GET"]}}],"collection":[{"href":"https:\/\/zjarr.tv\/en\/wp-json\/wp\/v2\/posts"}],"about":[{"href":"https:\/\/zjarr.tv\/en\/wp-json\/wp\/v2\/types\/post"}],"author":[{"embeddable":true,"href":"https:\/\/zjarr.tv\/en\/wp-json\/wp\/v2\/users\/2037"}],"replies":[{"embeddable":true,"href":"https:\/\/zjarr.tv\/en\/wp-json\/wp\/v2\/comments?post=329789"}],"version-history":[{"count":1,"href":"https:\/\/zjarr.tv\/en\/wp-json\/wp\/v2\/posts\/329789\/revisions"}],"predecessor-version":[{"id":329790,"href":"https:\/\/zjarr.tv\/en\/wp-json\/wp\/v2\/posts\/329789\/revisions\/329790"}],"wp:featuredmedia":[{"embeddable":true,"href":"https:\/\/zjarr.tv\/en\/wp-json\/wp\/v2\/media\/324713"}],"wp:attachment":[{"href":"https:\/\/zjarr.tv\/en\/wp-json\/wp\/v2\/media?parent=329789"}],"wp:term":[{"taxonomy":"category","embeddable":true,"href":"https:\/\/zjarr.tv\/en\/wp-json\/wp\/v2\/categories?post=329789"},{"taxonomy":"post_tag","embeddable":true,"href":"https:\/\/zjarr.tv\/en\/wp-json\/wp\/v2\/tags?post=329789"}],"curies":[{"name":"wp","href":"https:\/\/api.w.org\/{rel}","templated":true}]}}