{"id":33139,"date":"2017-04-04T10:02:42","date_gmt":"2017-04-04T08:02:42","guid":{"rendered":"http:\/\/zjarr.tv\/?p=33139"},"modified":"2017-04-04T10:02:42","modified_gmt":"2017-04-04T08:02:42","slug":"policet-deklarojne-ende-nuk-kemi-marre-pagesen-per-oret-shtese-gjate-2016-es","status":"publish","type":"post","link":"https:\/\/zjarr.tv\/en\/policet-deklarojne-ende-nuk-kemi-marre-pagesen-per-oret-shtese-gjate-2016-es\/","title":{"rendered":"Polic\u00ebt deklarojne: Ende nuk kemi marre pagesen per oret shtese gjate 2016-es"},"content":{"rendered":"<p>Pjesa m\u00eb e madhe e efektiv\u00ebve t\u00eb policis\u00eb s\u00eb Tiran\u00ebs nuk kan\u00eb marr\u00eb ende parat\u00eb q\u00eb u takojn\u00eb p\u00ebr or\u00ebt shtes\u00eb apo ato suplementare, ndon\u00ebse kan\u00eb kaluar tre muaj nga viti q\u00eb lam\u00eb pas. <span id=\"more-683659\"><\/span><br \/>\nNd\u00ebrkoh\u00eb q\u00eb nj\u00eb pjes\u00eb e mir\u00eb e tyre n\u00eb kryeqytet kan\u00eb mundur t\u00eb marrin parat\u00eb muajt e par\u00eb t\u00eb vitit t\u00eb shkuar, efektiv\u00ebt e policive n\u00eb rrethe kan\u00eb qen\u00eb t\u00eb \u201cpenalizuar\u201d p\u00ebr disa vite me radh\u00eb.<br \/>\nBurime t\u00eb besuara t\u00eb \u201cGazeta Shqiptare\u201d b\u00ebn\u00eb dje me dije se uniformat blu t\u00eb Tiran\u00ebs nuk jan\u00eb likuiduar ende me shum\u00ebn e parave q\u00eb u takon secilit p\u00ebr or\u00ebt shtes\u00eb q\u00eb kan\u00eb kryer jasht\u00eb orarit zyrtar. Sipas t\u00eb nj\u00ebjtave burime, m\u00ebsohet se nj\u00eb pjes\u00eb e mir\u00eb e tyre n\u00ebp\u00ebr komisariate kan\u00eb marr\u00eb para vet\u00ebm n\u00eb muajt e par\u00eb t\u00eb 2016-\u00ebs, nd\u00ebrsa t\u00eb penalizuarit kan\u00eb qen\u00eb punonj\u00ebsit e policis\u00eb jasht\u00eb Tiran\u00ebs. K\u00ebta t\u00eb fundit kan\u00eb t\u00eb pakt\u00ebn 4 vite q\u00eb nuk paguhen p\u00ebr or\u00ebt suplementare.<br \/>\n\u201cEnde nuk kemi marr\u00eb pages\u00ebn p\u00ebr or\u00ebt q\u00eb kemi kryer jasht\u00eb orarit zyrtar n\u00eb 2016-\u00ebn. Kurse nj\u00eb pjes\u00eb e efektiv\u00ebve n\u00ebp\u00ebr komisariate n\u00eb Tiran\u00eb jan\u00eb paguar n\u00eb muajt e par\u00eb t\u00eb vitit t\u00eb shkuar\u201d, than\u00eb burimet. Nd\u00ebrkaq, n\u00eb dhjetor t\u00eb vitit t\u00eb shkuar, burime zyrtare t\u00eb Policis\u00eb s\u00eb Shtetit than\u00eb p\u00ebr \u201cGSH\u201d se deri n\u00eb dit\u00ebn e fundit t\u00eb 2016-\u00ebs do t\u00eb p\u00ebrfundonin pagesat p\u00ebr \u00e7do punonj\u00ebs t\u00eb Policis\u00eb s\u00eb Shtetit, t\u00eb cil\u00ebt kishin ende para pa marr\u00eb p\u00ebr sa u p\u00ebrket or\u00ebve shtes\u00eb, p\u00ebr or\u00ebt suplementare, or\u00ebt e nat\u00ebs, dietat, apo edhe p\u00ebr or\u00ebt kur kan\u00eb qen\u00eb n\u00eb stadium gjat\u00eb ndeshjeve t\u00eb futbollit.<br \/>\n\u201cDeri n\u00eb dat\u00ebn e fundit t\u00eb dhjetorit do t\u00eb jen\u00eb likuiduar t\u00eb gjith\u00eb efektiv\u00ebt e Policis\u00eb s\u00eb Shtetit dhe shumat e parave q\u00eb ata kishin pa marr\u00eb do t\u00eb kalojn\u00eb n\u00eb llogarit\u00eb e tyre bankare\u201d, than\u00eb m\u00eb dat\u00eb 29 dhjetor t\u00eb 2016-\u00ebs burimet p\u00ebr \u201cGazeta Shqiptare\u201d. Por, me sa duket, kjo gj\u00eb nuk \u00ebsht\u00eb zbatuar, duke b\u00ebr\u00eb q\u00eb uniformat blu t\u00eb ken\u00eb para t\u00eb prapambetura p\u00ebr t\u00eb marr\u00eb. Nd\u00ebrkaq, \u201cGSH\u201d ka biseduar me disa punonj\u00ebs t\u00eb policis\u00eb n\u00eb kryeqytet e n\u00eb rrethe, ku kryefjala e tyre ka qen\u00eb: \u201cJemi m\u00ebsuar tashm\u00eb\u201d.<br \/>\nRritja e pag\u00ebs<br \/>\nM\u00eb her\u00ebt, gjat\u00eb aktivitetit \u201cPolicia e Gjenerat\u00ebs s\u00eb Re\u201d, ish-ministri i Brend-sh\u00ebm, Saimir Tahiri deklaroi se nga data 1 mars e k\u00ebtij viti, do t\u00eb ket\u00eb rritje page me rreth 17% p\u00ebr punonj\u00ebsit e policis\u00eb, ose n\u00eb vler\u00eb absolute nj\u00eb rritje 10.070 lek\u00eb t\u00eb reja. \u201cPaga e inspektorit n\u00eb vitin 2017 b\u00ebhet 69 mij\u00eb lek\u00eb, pra krahasuar me vitin 2013, rritet 45 p\u00ebr qind. Rritja e pag\u00ebs p\u00ebr t\u00eb dyt\u00ebn her\u00eb brenda 3 vitesh, \u00ebsht\u00eb investimi m\u00eb i mir\u00eb i qeveris\u00eb p\u00ebr t\u00eb mb\u00ebshtetur punonj\u00ebsit e Policis\u00eb s\u00eb Shtetit\u201d, \u2013 ka deklaruar m\u00eb her\u00ebt Saimir Tahiri.<br \/>\nNd\u00ebrkaq, burimet e lartp\u00ebrmendura pohuan dje p\u00ebr Gazet\u00ebn, se pasi efektiv\u00ebt e policis\u00eb jan\u00eb interesuar n\u00eb zyrat e financ\u00ebs s\u00eb policis\u00eb, kan\u00eb marr\u00eb p\u00ebrgjigjen se paga e punonj\u00ebsve t\u00eb policis\u00eb \u00ebsht\u00eb rritur me 10.000 lek\u00eb t\u00eb vjetra p\u00ebr secilin, plus 1% p\u00ebr vjet\u00ebrsi pune. Sipas tyre, nj\u00eb efektiv i policis\u00eb i cili ka 1 deri n\u00eb 2 vite pun\u00eb brenda radh\u00ebve t\u00eb policis\u00eb, do t\u00eb marr\u00eb shtes\u00eb 14.300 lek\u00eb t\u00eb vjetra.<\/p>","protected":false},"excerpt":{"rendered":"<p>Pjesa m\u00eb e madhe e efektiv\u00ebve t\u00eb policis\u00eb s\u00eb Tiran\u00ebs nuk kan\u00eb marr\u00eb ende parat\u00eb q\u00eb u takojn\u00eb p\u00ebr or\u00ebt shtes\u00eb apo ato suplementare, ndon\u00ebse kan\u00eb kaluar tre muaj nga viti q\u00eb lam\u00eb pas. Nd\u00ebrkoh\u00eb q\u00eb nj\u00eb pjes\u00eb e mir\u00eb e tyre n\u00eb kryeqytet kan\u00eb mundur t\u00eb marrin parat\u00eb muajt e par\u00eb t\u00eb vitit t\u00eb [&hellip;]<\/p>\n","protected":false},"author":2044,"featured_media":0,"comment_status":"closed","ping_status":"closed","sticky":false,"template":"","format":"standard","meta":{"footnotes":""},"categories":[241,231,1,235],"tags":[],"class_list":{"0":"post-33139","1":"post","2":"type-post","3":"status-publish","4":"format-standard","6":"category-aktualitet","7":"category-lajme","8":"category-uncategorized-sq","9":"category-vendi"},"_links":{"self":[{"href":"https:\/\/zjarr.tv\/en\/wp-json\/wp\/v2\/posts\/33139","targetHints":{"allow":["GET"]}}],"collection":[{"href":"https:\/\/zjarr.tv\/en\/wp-json\/wp\/v2\/posts"}],"about":[{"href":"https:\/\/zjarr.tv\/en\/wp-json\/wp\/v2\/types\/post"}],"author":[{"embeddable":true,"href":"https:\/\/zjarr.tv\/en\/wp-json\/wp\/v2\/users\/2044"}],"replies":[{"embeddable":true,"href":"https:\/\/zjarr.tv\/en\/wp-json\/wp\/v2\/comments?post=33139"}],"version-history":[{"count":0,"href":"https:\/\/zjarr.tv\/en\/wp-json\/wp\/v2\/posts\/33139\/revisions"}],"wp:attachment":[{"href":"https:\/\/zjarr.tv\/en\/wp-json\/wp\/v2\/media?parent=33139"}],"wp:term":[{"taxonomy":"category","embeddable":true,"href":"https:\/\/zjarr.tv\/en\/wp-json\/wp\/v2\/categories?post=33139"},{"taxonomy":"post_tag","embeddable":true,"href":"https:\/\/zjarr.tv\/en\/wp-json\/wp\/v2\/tags?post=33139"}],"curies":[{"name":"wp","href":"https:\/\/api.w.org\/{rel}","templated":true}]}}