{"id":33142,"date":"2017-04-04T10:05:07","date_gmt":"2017-04-04T08:05:07","guid":{"rendered":"http:\/\/zjarr.tv\/?p=33142"},"modified":"2017-04-04T10:05:07","modified_gmt":"2017-04-04T08:05:07","slug":"raportohen-te-shtena-armesh-ne-aksin-durres-tirane-policia-ne-kerkim-te-autoreve","status":"publish","type":"post","link":"https:\/\/zjarr.tv\/en\/raportohen-te-shtena-armesh-ne-aksin-durres-tirane-policia-ne-kerkim-te-autoreve\/","title":{"rendered":"Raportohen te shtena armesh n\u00eb aksin Durres- Tiran\u00eb, policia ne kerkim te autoreve"},"content":{"rendered":"<p>N\u00eb numrin e emergjencave, nj\u00eb dit\u00eb m\u00eb par\u00eb \u00ebsht\u00eb lajm\u00ebruar p\u00ebr disa t\u00eb sht\u00ebna me arm\u00eb zjarri, n\u00eb af\u00ebrsi t\u00eb mbikalimit t\u00eb G\u00ebrdecit n\u00eb aksin rrugor Durr\u00ebs \u2013 Tiran\u00eb. <span id=\"more-683656\"><\/span>Policia njofton se menj\u00ebher\u00eb jan\u00eb drejtuar n\u00eb k\u00ebt\u00eb vend sh\u00ebrbimet e policis\u00eb dhe grupi hetimor. Nga hetimet paraprake dyshohet se \u00ebsht\u00eb q\u00eblluar n\u00eb drejtim t\u00eb nj\u00eb firme private t\u00eb prodhimit t\u00eb inerteve t\u00eb nd\u00ebrtimit.<\/p>\n<p>Nd\u00ebrkoh\u00eb m\u00ebsohet se nga t\u00eb sht\u00ebnat nuk ka t\u00eb l\u00ebnduar. Gjithashtu policia njofton se n\u00eb vendngjarje jan\u00eb gjetur dhe sekuestruar n\u00eb cil\u00ebsin\u00eb e prov\u00ebs materiale g\u00ebzhoja model 56.<\/p>\n<p>Vijon puna p\u00ebr identifikimin dhe kapjen e autor\u00ebve t\u00eb k\u00ebsaj vepre penale.<\/p>","protected":false},"excerpt":{"rendered":"<p>N\u00eb numrin e emergjencave, nj\u00eb dit\u00eb m\u00eb par\u00eb \u00ebsht\u00eb lajm\u00ebruar p\u00ebr disa t\u00eb sht\u00ebna me arm\u00eb zjarri, n\u00eb af\u00ebrsi t\u00eb mbikalimit t\u00eb G\u00ebrdecit n\u00eb aksin rrugor Durr\u00ebs \u2013 Tiran\u00eb. Policia njofton se menj\u00ebher\u00eb jan\u00eb drejtuar n\u00eb k\u00ebt\u00eb vend sh\u00ebrbimet e policis\u00eb dhe grupi hetimor. Nga hetimet paraprake dyshohet se \u00ebsht\u00eb q\u00eblluar n\u00eb drejtim t\u00eb nj\u00eb [&hellip;]<\/p>\n","protected":false},"author":2044,"featured_media":0,"comment_status":"closed","ping_status":"closed","sticky":false,"template":"","format":"standard","meta":{"footnotes":""},"categories":[241,231,1,235],"tags":[],"class_list":{"0":"post-33142","1":"post","2":"type-post","3":"status-publish","4":"format-standard","6":"category-aktualitet","7":"category-lajme","8":"category-uncategorized-sq","9":"category-vendi"},"_links":{"self":[{"href":"https:\/\/zjarr.tv\/en\/wp-json\/wp\/v2\/posts\/33142","targetHints":{"allow":["GET"]}}],"collection":[{"href":"https:\/\/zjarr.tv\/en\/wp-json\/wp\/v2\/posts"}],"about":[{"href":"https:\/\/zjarr.tv\/en\/wp-json\/wp\/v2\/types\/post"}],"author":[{"embeddable":true,"href":"https:\/\/zjarr.tv\/en\/wp-json\/wp\/v2\/users\/2044"}],"replies":[{"embeddable":true,"href":"https:\/\/zjarr.tv\/en\/wp-json\/wp\/v2\/comments?post=33142"}],"version-history":[{"count":0,"href":"https:\/\/zjarr.tv\/en\/wp-json\/wp\/v2\/posts\/33142\/revisions"}],"wp:attachment":[{"href":"https:\/\/zjarr.tv\/en\/wp-json\/wp\/v2\/media?parent=33142"}],"wp:term":[{"taxonomy":"category","embeddable":true,"href":"https:\/\/zjarr.tv\/en\/wp-json\/wp\/v2\/categories?post=33142"},{"taxonomy":"post_tag","embeddable":true,"href":"https:\/\/zjarr.tv\/en\/wp-json\/wp\/v2\/tags?post=33142"}],"curies":[{"name":"wp","href":"https:\/\/api.w.org\/{rel}","templated":true}]}}