{"id":35180,"date":"2017-05-16T21:12:48","date_gmt":"2017-05-16T19:12:48","guid":{"rendered":"http:\/\/zjarr.tv\/?p=35180"},"modified":"2017-05-16T21:12:48","modified_gmt":"2017-05-16T19:12:48","slug":"360-grade-shkolla-profesionale-kristo-isak-hap-dyerte-ne-nje-aktivitet-promovues","status":"publish","type":"post","link":"https:\/\/zjarr.tv\/en\/360-grade-shkolla-profesionale-kristo-isak-hap-dyerte-ne-nje-aktivitet-promovues\/","title":{"rendered":"360\u00b0 Grad\u00eb -SHKOLLA PROFESIONALE \u201cKRISTO ISAK\u201d HAP DYERT\u00cb N\u00cb NJ\u00cb AKTIVITET PROMOVUES"},"content":{"rendered":"<p>\u00cbsht\u00eb kthyer tashm\u00eb n\u00eb nj\u00eb tradit\u00eb promovuese aktiviteti i dyerve t\u00eb hapura n\u00eb mjediset e shkoll\u00ebs s\u00eb Mesme Profesionale \u201cKristo Isak\u201d n\u00eb qytetin e Beratit. Zhvillimi n\u00ebp\u00ebrmjet fush\u00ebs s\u00eb turizmit po hap m\u00eb shum\u00eb vende pune n\u00eb k\u00ebt\u00eb sektor, i cili vazhdon t\u00eb mbetet prioritar, ndaj shkolla profesionale jep m\u00eb shum\u00eb mund\u00ebsi shkollimi dhe pun\u00ebsimi. P\u00ebr t\u00eb ofruar m\u00eb shum\u00eb informacion rreth k\u00ebsaj shkolle, sot t\u00eb gjitha mjediset jan\u00eb v\u00ebn\u00eb n\u00eb dispozicion t\u00eb nx\u00ebn\u00ebsve t\u00eb shkollave n\u00ebnt\u00eb vje\u00e7are t\u00eb qytetit, t\u00eb cil\u00ebt n\u00eb muajin shtator do t\u00eb b\u00ebjn\u00eb zgjedhjen e tyre p\u00ebr arsimin e m\u00ebtejsh\u00ebm. Drejtori i shkoll\u00ebs Ferik Ko\u00e7i b\u00ebri me dije se investimet e fundit, hapja e deg\u00ebve t\u00eb reja, projektet n\u00eb bashk\u00ebpunim me bizneset, etj e b\u00ebjn\u00eb k\u00ebt\u00eb shkoll\u00eb mjaft t\u00eb r\u00ebnd\u00ebsishme n\u00eb arsimin profesional. 300 nx\u00ebn\u00ebs jan\u00eb aktualisht duke ndjekur pro\u00e7esin m\u00ebsimor pran\u00eb k\u00ebsaj shkolle, e cila n\u00ebp\u00ebrmjet nd\u00ebrmjet\u00ebsimit mund\u00ebson kryerjen e pro\u00e7esit t\u00eb praktikave dhe pun\u00ebsimin n\u00eb biznese t\u00eb ndryshme t\u00eb qytetit.<\/p>\n<p><span style=\"color: #000000;\"><span style=\"font-family: 'Times New Roman', serif;\"><span style=\"font-size: medium;\">Vet\u00eb nx\u00ebn\u00ebsit shprehen mjaft optimist p\u00ebr t\u00eb ardhmen e tyre n\u00eb pun\u00ebsim dhe kjo fal mund\u00ebsive q\u00eb ofron shkolla profesionale.\u00a0<\/span><\/span><\/span><\/p>\n<p><span style=\"color: #000000;\">\u00a0<span style=\"font-family: 'Times New Roman', serif;\"><span style=\"font-size: medium;\">Deg\u00ebt Ekonomi, hoteleri turiz\u00ebm, teknologji ushqimore ofrohen aktualisht n\u00eb k\u00ebt\u00eb shkoll\u00eb, e cila p\u00ebr vitin e ri shkollor synon t\u00eb vij me risi p\u00ebrsa i p\u00ebrket\u00eb deg\u00ebve t\u00eb reja.<\/span><\/span><\/span><\/p>\n<p><iframe loading=\"lazy\" title=\"360\u00b0 Grad\u00eb -Shkolla Profesionale \u201cKristo Isak\u201d  Hap Dyert\u00eb N\u00eb Nj\u00eb Aktivitet Promovues\" width=\"696\" height=\"392\" src=\"https:\/\/www.youtube.com\/embed\/YpTzEdt7JVI?feature=oembed\" frameborder=\"0\" allow=\"accelerometer; autoplay; clipboard-write; encrypted-media; gyroscope; picture-in-picture\" allowfullscreen><\/iframe><\/p>\n<p>Web: http:\/\/zjarr.tv\/<br \/>\nFacebook: http:\/\/ift.tt\/1Nj96ih<br \/>\nYoutube: https:\/\/youtube.com\/c\/ZjarrTelevizion<\/p>","protected":false},"excerpt":{"rendered":"<p>\u00cbsht\u00eb kthyer tashm\u00eb n\u00eb nj\u00eb tradit\u00eb promovuese aktiviteti i dyerve t\u00eb hapura n\u00eb mjediset e shkoll\u00ebs s\u00eb Mesme Profesionale \u201cKristo Isak\u201d n\u00eb qytetin e Beratit. Zhvillimi n\u00ebp\u00ebrmjet fush\u00ebs s\u00eb turizmit po hap m\u00eb shum\u00eb vende pune n\u00eb k\u00ebt\u00eb sektor, i cili vazhdon t\u00eb mbetet prioritar, ndaj shkolla profesionale jep m\u00eb shum\u00eb mund\u00ebsi shkollimi dhe pun\u00ebsimi. [&hellip;]<\/p>\n","protected":false},"author":2044,"featured_media":0,"comment_status":"closed","ping_status":"closed","sticky":false,"template":"","format":"standard","meta":{"footnotes":""},"categories":[198,241,231,1,235],"tags":[250],"class_list":{"0":"post-35180","1":"post","2":"type-post","3":"status-publish","4":"format-standard","6":"category-360-grade","7":"category-aktualitet","8":"category-lajme","9":"category-uncategorized-sq","10":"category-vendi","11":"tag-web-httpzjarr-tv-facebook-httpsfacebook-comzjarrtelevizion-youtube-httpsyoutube-comczjarrtelevizion"},"_links":{"self":[{"href":"https:\/\/zjarr.tv\/en\/wp-json\/wp\/v2\/posts\/35180","targetHints":{"allow":["GET"]}}],"collection":[{"href":"https:\/\/zjarr.tv\/en\/wp-json\/wp\/v2\/posts"}],"about":[{"href":"https:\/\/zjarr.tv\/en\/wp-json\/wp\/v2\/types\/post"}],"author":[{"embeddable":true,"href":"https:\/\/zjarr.tv\/en\/wp-json\/wp\/v2\/users\/2044"}],"replies":[{"embeddable":true,"href":"https:\/\/zjarr.tv\/en\/wp-json\/wp\/v2\/comments?post=35180"}],"version-history":[{"count":0,"href":"https:\/\/zjarr.tv\/en\/wp-json\/wp\/v2\/posts\/35180\/revisions"}],"wp:attachment":[{"href":"https:\/\/zjarr.tv\/en\/wp-json\/wp\/v2\/media?parent=35180"}],"wp:term":[{"taxonomy":"category","embeddable":true,"href":"https:\/\/zjarr.tv\/en\/wp-json\/wp\/v2\/categories?post=35180"},{"taxonomy":"post_tag","embeddable":true,"href":"https:\/\/zjarr.tv\/en\/wp-json\/wp\/v2\/tags?post=35180"}],"curies":[{"name":"wp","href":"https:\/\/api.w.org\/{rel}","templated":true}]}}