{"id":35839,"date":"2017-06-02T15:58:19","date_gmt":"2017-06-02T13:58:19","guid":{"rendered":"http:\/\/zjarr.tv\/?p=35839"},"modified":"2017-06-02T15:58:19","modified_gmt":"2017-06-02T13:58:19","slug":"hec-et-ne-valbone-gjykata-i-hap-rruge-ndertimit","status":"publish","type":"post","link":"https:\/\/zjarr.tv\/en\/hec-et-ne-valbone-gjykata-i-hap-rruge-ndertimit\/","title":{"rendered":"HEC-et n\u00eb Valbon\u00eb, Gjykata i hap rrug\u00eb nd\u00ebrtimit"},"content":{"rendered":"<p>Gjykata ka shpallur sot vendimin lidhur me padin\u00eb e b\u00ebr\u00eb nga banor\u00ebt dhe nga shoqata Toka p\u00ebr t\u00eb mos nd\u00ebrtuar HEC-in n\u00eb Valbon\u00eb dhe sipas k\u00ebtij vendimi do t\u00eb lejohet nd\u00ebrtimi i HEC-et n\u00eb Valbon\u00eb.<\/p>\n<p>Banor\u00ebt e kat\u00ebr fshatrave n\u00eb lugin\u00ebn e Valbon\u00ebs i kan\u00eb k\u00ebrkuar nj\u00eb Gykat\u00ebs n\u00eb Tiran\u00eb t\u00eb anuloj\u00eb vendimet q\u00eb lejojn\u00eb nd\u00ebrtimin e hidrocentraleve, q\u00eb sipas tyre do t\u00eb shkat\u00ebrrojn\u00eb lumin.<\/p>\n<p>Banor\u00ebt dhe grupe mjedisore kan\u00eb protestuar kund\u00ebr vendimeve p\u00ebr t\u00eb nd\u00ebrtuar hidrocentrale n\u00eb lum, q\u00eb nga shkurti i vitit t\u00eb kaluar, vendime t\u00eb cialt qeveria i ka vulosur n\u00eb vitin 2009 dhe 2013.<\/p>","protected":false},"excerpt":{"rendered":"<p>Gjykata ka shpallur sot vendimin lidhur me padin\u00eb e b\u00ebr\u00eb nga banor\u00ebt dhe nga shoqata Toka p\u00ebr t\u00eb mos nd\u00ebrtuar HEC-in n\u00eb Valbon\u00eb dhe sipas k\u00ebtij vendimi do t\u00eb lejohet nd\u00ebrtimi i HEC-et n\u00eb Valbon\u00eb. Banor\u00ebt e kat\u00ebr fshatrave n\u00eb lugin\u00ebn e Valbon\u00ebs i kan\u00eb k\u00ebrkuar nj\u00eb Gykat\u00ebs n\u00eb Tiran\u00eb t\u00eb anuloj\u00eb vendimet q\u00eb lejojn\u00eb [&hellip;]<\/p>\n","protected":false},"author":2044,"featured_media":0,"comment_status":"closed","ping_status":"closed","sticky":false,"template":"","format":"standard","meta":{"footnotes":""},"categories":[198,241,231,235],"tags":[],"class_list":{"0":"post-35839","1":"post","2":"type-post","3":"status-publish","4":"format-standard","6":"category-360-grade","7":"category-aktualitet","8":"category-lajme","9":"category-vendi"},"_links":{"self":[{"href":"https:\/\/zjarr.tv\/en\/wp-json\/wp\/v2\/posts\/35839","targetHints":{"allow":["GET"]}}],"collection":[{"href":"https:\/\/zjarr.tv\/en\/wp-json\/wp\/v2\/posts"}],"about":[{"href":"https:\/\/zjarr.tv\/en\/wp-json\/wp\/v2\/types\/post"}],"author":[{"embeddable":true,"href":"https:\/\/zjarr.tv\/en\/wp-json\/wp\/v2\/users\/2044"}],"replies":[{"embeddable":true,"href":"https:\/\/zjarr.tv\/en\/wp-json\/wp\/v2\/comments?post=35839"}],"version-history":[{"count":0,"href":"https:\/\/zjarr.tv\/en\/wp-json\/wp\/v2\/posts\/35839\/revisions"}],"wp:attachment":[{"href":"https:\/\/zjarr.tv\/en\/wp-json\/wp\/v2\/media?parent=35839"}],"wp:term":[{"taxonomy":"category","embeddable":true,"href":"https:\/\/zjarr.tv\/en\/wp-json\/wp\/v2\/categories?post=35839"},{"taxonomy":"post_tag","embeddable":true,"href":"https:\/\/zjarr.tv\/en\/wp-json\/wp\/v2\/tags?post=35839"}],"curies":[{"name":"wp","href":"https:\/\/api.w.org\/{rel}","templated":true}]}}