{"id":35852,"date":"2017-06-02T16:06:27","date_gmt":"2017-06-02T14:06:27","guid":{"rendered":"http:\/\/zjarr.tv\/?p=35852"},"modified":"2017-06-02T16:06:27","modified_gmt":"2017-06-02T14:06:27","slug":"shkarkohet-nga-puna-reagon-lazimi-hakmarrje-politike-nuk-i-kam-bere-presion-askujt","status":"publish","type":"post","link":"https:\/\/zjarr.tv\/en\/shkarkohet-nga-puna-reagon-lazimi-hakmarrje-politike-nuk-i-kam-bere-presion-askujt\/","title":{"rendered":"Shkarkohet nga puna, reagon Lazimi: Hakmarrje politike, nuk i kam b\u00ebr\u00eb presion askujt"},"content":{"rendered":"<p>Ka reaguar zyrtari i LSI-s\u00eb pas shkarkimit nga detyra si Drejtor i P\u00ebrgjithsh\u00ebm i Post\u00ebs.<\/p>\n<p>Majlind Lazimi e ka quajtur shkarkimin e tij hakmarrje politike pasi sipas tij, nuk ka asnj\u00eb prov\u00eb ligjore p\u00ebr akuz\u00ebn q\u00eb i \u00ebsht\u00eb b\u00ebr\u00eb.<\/p>\n<div class=\"_h8t\">\n<div id=\"js_fch\" class=\"_5wd9 direction_ltr\" data-tooltip-content=\"2:38.MD\" data-hover=\"tooltip\" data-tooltip-position=\"right\">\n<div class=\"_5wde _n4o\">\n<div class=\"_5w1r _3_om _5wdf\">\n<div class=\"_4gx_\">\n<blockquote>\n<div class=\"_d97\"><span class=\"_5yl5\">Sapo u njoftova nga mediat per nje lajm te cuditshem per lirimin tim nga pozicioni i Dr. Pergjithshem te Postes Shqiptare.<\/span><\/div>\n<div class=\"_d97\">Shkarkimi im i paligjshem dhe vetem per arsye politike. Shkarkimi im hakmarrje politike.<\/div>\n<div class=\"_d97\">Nuk ka asnje prove ligjore per kete akuze. \u00a0Eshte nje akt deshperimi.<\/div>\n<div class=\"_d97\">Asnje presion nuk eshte bere ndaj asnje punonjesi postes shqiptare,\u201d-mbyll reagimin e tij Lazimi.<\/div>\n<\/blockquote>\n<\/div>\n<\/div>\n<\/div>\n<\/div>\n<\/div>\n<p>Lazimi akuzohet se u ka b\u00ebr\u00eb presion punonj\u00ebsve t\u00eb tij q\u00eb t\u00eb merrnin pjes\u00eb n\u00eb fushat\u00ebn elektorale t\u00eb LSI-s\u00eb.<\/p>","protected":false},"excerpt":{"rendered":"<p>Ka reaguar zyrtari i LSI-s\u00eb pas shkarkimit nga detyra si Drejtor i P\u00ebrgjithsh\u00ebm i Post\u00ebs. Majlind Lazimi e ka quajtur shkarkimin e tij hakmarrje politike pasi sipas tij, nuk ka asnj\u00eb prov\u00eb ligjore p\u00ebr akuz\u00ebn q\u00eb i \u00ebsht\u00eb b\u00ebr\u00eb. Sapo u njoftova nga mediat per nje lajm te cuditshem per lirimin tim nga pozicioni i [&hellip;]<\/p>\n","protected":false},"author":2044,"featured_media":0,"comment_status":"closed","ping_status":"closed","sticky":false,"template":"","format":"standard","meta":{"footnotes":""},"categories":[198,241,231,235],"tags":[],"class_list":{"0":"post-35852","1":"post","2":"type-post","3":"status-publish","4":"format-standard","6":"category-360-grade","7":"category-aktualitet","8":"category-lajme","9":"category-vendi"},"_links":{"self":[{"href":"https:\/\/zjarr.tv\/en\/wp-json\/wp\/v2\/posts\/35852","targetHints":{"allow":["GET"]}}],"collection":[{"href":"https:\/\/zjarr.tv\/en\/wp-json\/wp\/v2\/posts"}],"about":[{"href":"https:\/\/zjarr.tv\/en\/wp-json\/wp\/v2\/types\/post"}],"author":[{"embeddable":true,"href":"https:\/\/zjarr.tv\/en\/wp-json\/wp\/v2\/users\/2044"}],"replies":[{"embeddable":true,"href":"https:\/\/zjarr.tv\/en\/wp-json\/wp\/v2\/comments?post=35852"}],"version-history":[{"count":0,"href":"https:\/\/zjarr.tv\/en\/wp-json\/wp\/v2\/posts\/35852\/revisions"}],"wp:attachment":[{"href":"https:\/\/zjarr.tv\/en\/wp-json\/wp\/v2\/media?parent=35852"}],"wp:term":[{"taxonomy":"category","embeddable":true,"href":"https:\/\/zjarr.tv\/en\/wp-json\/wp\/v2\/categories?post=35852"},{"taxonomy":"post_tag","embeddable":true,"href":"https:\/\/zjarr.tv\/en\/wp-json\/wp\/v2\/tags?post=35852"}],"curies":[{"name":"wp","href":"https:\/\/api.w.org\/{rel}","templated":true}]}}