{"id":35872,"date":"2017-06-02T19:21:47","date_gmt":"2017-06-02T17:21:47","guid":{"rendered":"http:\/\/zjarr.tv\/?p=35872"},"modified":"2017-06-02T19:21:47","modified_gmt":"2017-06-02T17:21:47","slug":"kreu-i-bashkise-puke-dhunon-kreun-e-shtabit-te-fushates-pd-te-nderhyjne-autoritetet-e-te-dale-para-ligjit","status":"publish","type":"post","link":"https:\/\/zjarr.tv\/en\/kreu-i-bashkise-puke-dhunon-kreun-e-shtabit-te-fushates-pd-te-nderhyjne-autoritetet-e-te-dale-para-ligjit\/","title":{"rendered":"Kreu i Bashkis\u00eb Puk\u00eb dhunon kreun e shtabit t\u00eb fushat\u00ebs \/ PD: T\u00eb nd\u00ebrhyjn\u00eb autoritetet e t\u00eb dal\u00eb para ligjit"},"content":{"rendered":"<p>Partia Demokratike ka d\u00ebnuar dhun\u00ebn e ushtruar dit\u00ebn e sotme nga kryetari i Bashkis\u00eb s\u00eb Puk\u00ebs, Gjon Gjonaj ndaj kryetarit t\u00eb grupseksionit t\u00eb PD dhe shtabit t\u00eb fushat\u00ebs, Demir Hyseni.<\/p>\n<p>Me an\u00eb t\u00eb nj\u00eb deklarate p\u00ebr mediat PD thot\u00eb se Hyseni ka qen\u00eb vazhdimisht n\u00ebn k\u00ebrc\u00ebnimet se kryetarit t\u00eb Bashkis\u00eb Puk\u00eb, nd\u00ebrkoh\u00eb q\u00eb sot me nisjen e fushat\u00ebs elektorale, \u00ebsht\u00eb bastisur dhe dhunuar prona e funksionarit demokrat.<\/p>\n<p><em><strong>Deklarata e plot\u00eb e PD-s\u00eb:<\/strong><\/em><\/p>\n<p>Partia Demokratike d\u00ebnon dhun\u00ebn e ushtruar sot nga kryetari i Bashkis\u00eb s\u00eb Puk\u00ebs, Gjon Gjonaj dhe veglat e tij, ndaj kryetarit t\u00eb grupseksionit t\u00eb PD dhe shtabit t\u00eb fushat\u00ebs, Demir Hyseni.<\/p>\n<p>Demir Hyseni ka q\u00ebn\u00eb vazhdimisht n\u00ebn presionet dhe k\u00ebrc\u00ebnimet e kryetarit t\u00eb Bashkis\u00eb Puk\u00eb, q\u00eb \u00ebsht\u00eb n\u00eb fakt nj\u00eb mercenar i Frrokut, por sot, me nisjen e fushat\u00ebs elektorale, \u00ebsht\u00eb bastisur dhe dhunuar prona e funksionarit demokrat.<\/p>\n<p>Pa marr\u00eb n\u00eb konsiderat\u00eb dokumentacionin e Hysenit q\u00eb tregon ligjshm\u00ebrin\u00eb e aktivitetit t\u00eb tij, Kryetari i Bashkis\u00eb s\u00eb Puk\u00ebs, ka urdh\u00ebruar shkat\u00ebrrimin e biznesit t\u00eb Hysenit thjesht p\u00ebr motive politike.<\/p>\n<p>Partia Demokratike i k\u00ebrkon qeveris\u00eb dhe autoriteteve t\u00eb nd\u00ebrhyjn\u00eb menj\u00ebher\u00eb dhe t\u00eb v\u00ebn\u00eb para p\u00ebrgjegj\u00ebsis\u00eb ligjore kryetarin e Bashkis\u00eb Puk\u00eb, dhe cdo polic q\u00eb \u00ebsht\u00eb b\u00ebr\u00eb pjes\u00eb e urdh\u00ebrave t\u00eb paligjsh\u00ebm dhe politik.?<\/p>","protected":false},"excerpt":{"rendered":"<p>Partia Demokratike ka d\u00ebnuar dhun\u00ebn e ushtruar dit\u00ebn e sotme nga kryetari i Bashkis\u00eb s\u00eb Puk\u00ebs, Gjon Gjonaj ndaj kryetarit t\u00eb grupseksionit t\u00eb PD dhe shtabit t\u00eb fushat\u00ebs, Demir Hyseni. Me an\u00eb t\u00eb nj\u00eb deklarate p\u00ebr mediat PD thot\u00eb se Hyseni ka qen\u00eb vazhdimisht n\u00ebn k\u00ebrc\u00ebnimet se kryetarit t\u00eb Bashkis\u00eb Puk\u00eb, nd\u00ebrkoh\u00eb q\u00eb sot me [&hellip;]<\/p>\n","protected":false},"author":2044,"featured_media":0,"comment_status":"closed","ping_status":"closed","sticky":false,"template":"","format":"standard","meta":{"footnotes":""},"categories":[198,241,231,235],"tags":[],"class_list":{"0":"post-35872","1":"post","2":"type-post","3":"status-publish","4":"format-standard","6":"category-360-grade","7":"category-aktualitet","8":"category-lajme","9":"category-vendi"},"_links":{"self":[{"href":"https:\/\/zjarr.tv\/en\/wp-json\/wp\/v2\/posts\/35872","targetHints":{"allow":["GET"]}}],"collection":[{"href":"https:\/\/zjarr.tv\/en\/wp-json\/wp\/v2\/posts"}],"about":[{"href":"https:\/\/zjarr.tv\/en\/wp-json\/wp\/v2\/types\/post"}],"author":[{"embeddable":true,"href":"https:\/\/zjarr.tv\/en\/wp-json\/wp\/v2\/users\/2044"}],"replies":[{"embeddable":true,"href":"https:\/\/zjarr.tv\/en\/wp-json\/wp\/v2\/comments?post=35872"}],"version-history":[{"count":0,"href":"https:\/\/zjarr.tv\/en\/wp-json\/wp\/v2\/posts\/35872\/revisions"}],"wp:attachment":[{"href":"https:\/\/zjarr.tv\/en\/wp-json\/wp\/v2\/media?parent=35872"}],"wp:term":[{"taxonomy":"category","embeddable":true,"href":"https:\/\/zjarr.tv\/en\/wp-json\/wp\/v2\/categories?post=35872"},{"taxonomy":"post_tag","embeddable":true,"href":"https:\/\/zjarr.tv\/en\/wp-json\/wp\/v2\/tags?post=35872"}],"curies":[{"name":"wp","href":"https:\/\/api.w.org\/{rel}","templated":true}]}}