{"id":35896,"date":"2017-06-03T19:04:15","date_gmt":"2017-06-03T17:04:15","guid":{"rendered":"http:\/\/zjarr.tv\/?p=35896"},"modified":"2017-06-03T19:04:15","modified_gmt":"2017-06-03T17:04:15","slug":"basha-prezanton-kandidatin-e-pd-se-per-zgjedhjet-lokale-ne-kavaje","status":"publish","type":"post","link":"https:\/\/zjarr.tv\/en\/basha-prezanton-kandidatin-e-pd-se-per-zgjedhjet-lokale-ne-kavaje\/","title":{"rendered":"Basha prezanton kandidatin e PD-s\u00eb p\u00ebr zgjedhjet lokale n\u00eb Kavaj\u00eb"},"content":{"rendered":"<p>Kreu i PD-s\u00eb \u00a0Basha, ka hapur fushat\u00ebn elektorale n\u00eb qytetin e Kavaj\u00ebs, ku ka prezantuar dhe kandidatin p\u00ebr bashkin\u00eb e k\u00ebtij qyteti.<\/p>\n<p>N\u00eb Kavaj\u00eb, n\u00eb 25 qershor q\u00eb \u00ebsht\u00eb edhe dita e zgjedhjeve t\u00eb p\u00ebrgjithshme elektorale, qytetar\u00ebt do t\u00eb votojn\u00eb p\u00ebr kryebashkiakun e ri, pas shkarkimit t\u00eb Elvis Roshit, t\u00eb cilin e kapi ligji i dekriminalizimit.<\/p>\n<p>Kandidati i Partis\u00eb Demokratike p\u00ebr zgjedhjet e 25 qershorit p\u00ebr Bashkin\u00eb e Kavaj\u00ebs \u00ebsht\u00eb Isa Sakja.<\/p>","protected":false},"excerpt":{"rendered":"<p>Kreu i PD-s\u00eb \u00a0Basha, ka hapur fushat\u00ebn elektorale n\u00eb qytetin e Kavaj\u00ebs, ku ka prezantuar dhe kandidatin p\u00ebr bashkin\u00eb e k\u00ebtij qyteti. N\u00eb Kavaj\u00eb, n\u00eb 25 qershor q\u00eb \u00ebsht\u00eb edhe dita e zgjedhjeve t\u00eb p\u00ebrgjithshme elektorale, qytetar\u00ebt do t\u00eb votojn\u00eb p\u00ebr kryebashkiakun e ri, pas shkarkimit t\u00eb Elvis Roshit, t\u00eb cilin e kapi ligji i [&hellip;]<\/p>\n","protected":false},"author":2044,"featured_media":0,"comment_status":"closed","ping_status":"closed","sticky":false,"template":"","format":"standard","meta":{"footnotes":""},"categories":[198,241,231,235],"tags":[],"class_list":{"0":"post-35896","1":"post","2":"type-post","3":"status-publish","4":"format-standard","6":"category-360-grade","7":"category-aktualitet","8":"category-lajme","9":"category-vendi"},"_links":{"self":[{"href":"https:\/\/zjarr.tv\/en\/wp-json\/wp\/v2\/posts\/35896","targetHints":{"allow":["GET"]}}],"collection":[{"href":"https:\/\/zjarr.tv\/en\/wp-json\/wp\/v2\/posts"}],"about":[{"href":"https:\/\/zjarr.tv\/en\/wp-json\/wp\/v2\/types\/post"}],"author":[{"embeddable":true,"href":"https:\/\/zjarr.tv\/en\/wp-json\/wp\/v2\/users\/2044"}],"replies":[{"embeddable":true,"href":"https:\/\/zjarr.tv\/en\/wp-json\/wp\/v2\/comments?post=35896"}],"version-history":[{"count":0,"href":"https:\/\/zjarr.tv\/en\/wp-json\/wp\/v2\/posts\/35896\/revisions"}],"wp:attachment":[{"href":"https:\/\/zjarr.tv\/en\/wp-json\/wp\/v2\/media?parent=35896"}],"wp:term":[{"taxonomy":"category","embeddable":true,"href":"https:\/\/zjarr.tv\/en\/wp-json\/wp\/v2\/categories?post=35896"},{"taxonomy":"post_tag","embeddable":true,"href":"https:\/\/zjarr.tv\/en\/wp-json\/wp\/v2\/tags?post=35896"}],"curies":[{"name":"wp","href":"https:\/\/api.w.org\/{rel}","templated":true}]}}