{"id":35899,"date":"2017-06-03T21:06:11","date_gmt":"2017-06-03T19:06:11","guid":{"rendered":"http:\/\/zjarr.tv\/?p=35899"},"modified":"2017-06-03T21:06:11","modified_gmt":"2017-06-03T19:06:11","slug":"basha-flet-si-kryeminister-cilat-jane-vendimet-e-para-qe-do-marr","status":"publish","type":"post","link":"https:\/\/zjarr.tv\/en\/basha-flet-si-kryeminister-cilat-jane-vendimet-e-para-qe-do-marr\/","title":{"rendered":"Basha flet si kryeminist\u00ebr: Cilat jan\u00eb vendimet e para q\u00eb do marr"},"content":{"rendered":"<p>Gjat\u00eb prezantimit t\u00eb kandidatit t\u00eb PD-s\u00eb p\u00ebr kryetar bashkie n\u00eb Kavaj\u00eb, kreu i\u00a0PD-s\u00eb, Basha, ka folur edhe p\u00ebr programin e Republik\u00ebs s\u00eb Re dhe vendimet q\u00eb do marr\u00eb kur t\u00eb b\u00ebhet kryeminist\u00ebr.<\/p>\n<p><em>\u2018Ulja e taksave, ulja e TVSH-s\u00eb dhe kthimi i miliona eurove n\u00eb xhepat e shqiptar\u00ebve t\u00eb marra nga xhepat e oligark\u00ebve, jan\u00eb vendimet e para q\u00eb do marr\u00eb si kryeminist\u00ebr. Qindra miliona euro q\u00eb sot i merr Vilma Nushi, do kthehen n\u00eb m\u00eb shum\u00eb shtret\u00ebr p\u00ebr spitalet, m\u00eb shum\u00eb p\u00ebrkujdesje p\u00ebr shqiptar\u00ebt. Sh\u00ebndet\u00ebsia falas \u00ebsht\u00eb mashtrim\u2019.<\/em><\/p>","protected":false},"excerpt":{"rendered":"<p>Gjat\u00eb prezantimit t\u00eb kandidatit t\u00eb PD-s\u00eb p\u00ebr kryetar bashkie n\u00eb Kavaj\u00eb, kreu i\u00a0PD-s\u00eb, Basha, ka folur edhe p\u00ebr programin e Republik\u00ebs s\u00eb Re dhe vendimet q\u00eb do marr\u00eb kur t\u00eb b\u00ebhet kryeminist\u00ebr. \u2018Ulja e taksave, ulja e TVSH-s\u00eb dhe kthimi i miliona eurove n\u00eb xhepat e shqiptar\u00ebve t\u00eb marra nga xhepat e oligark\u00ebve, jan\u00eb vendimet [&hellip;]<\/p>\n","protected":false},"author":2044,"featured_media":0,"comment_status":"closed","ping_status":"closed","sticky":false,"template":"","format":"standard","meta":{"footnotes":""},"categories":[198,241,231,235],"tags":[],"class_list":{"0":"post-35899","1":"post","2":"type-post","3":"status-publish","4":"format-standard","6":"category-360-grade","7":"category-aktualitet","8":"category-lajme","9":"category-vendi"},"_links":{"self":[{"href":"https:\/\/zjarr.tv\/en\/wp-json\/wp\/v2\/posts\/35899","targetHints":{"allow":["GET"]}}],"collection":[{"href":"https:\/\/zjarr.tv\/en\/wp-json\/wp\/v2\/posts"}],"about":[{"href":"https:\/\/zjarr.tv\/en\/wp-json\/wp\/v2\/types\/post"}],"author":[{"embeddable":true,"href":"https:\/\/zjarr.tv\/en\/wp-json\/wp\/v2\/users\/2044"}],"replies":[{"embeddable":true,"href":"https:\/\/zjarr.tv\/en\/wp-json\/wp\/v2\/comments?post=35899"}],"version-history":[{"count":0,"href":"https:\/\/zjarr.tv\/en\/wp-json\/wp\/v2\/posts\/35899\/revisions"}],"wp:attachment":[{"href":"https:\/\/zjarr.tv\/en\/wp-json\/wp\/v2\/media?parent=35899"}],"wp:term":[{"taxonomy":"category","embeddable":true,"href":"https:\/\/zjarr.tv\/en\/wp-json\/wp\/v2\/categories?post=35899"},{"taxonomy":"post_tag","embeddable":true,"href":"https:\/\/zjarr.tv\/en\/wp-json\/wp\/v2\/tags?post=35899"}],"curies":[{"name":"wp","href":"https:\/\/api.w.org\/{rel}","templated":true}]}}