{"id":35902,"date":"2017-06-03T21:08:27","date_gmt":"2017-06-03T19:08:27","guid":{"rendered":"http:\/\/zjarr.tv\/?p=35902"},"modified":"2017-06-03T21:08:27","modified_gmt":"2017-06-03T19:08:27","slug":"gjosha-shkarkimet-nga-inatet-politike-dhe-padija-e-atyre-qe-drejtojne-institucionet","status":"publish","type":"post","link":"https:\/\/zjarr.tv\/en\/gjosha-shkarkimet-nga-inatet-politike-dhe-padija-e-atyre-qe-drejtojne-institucionet\/","title":{"rendered":"Gjosha: Shkarkimet nga inatet politike dhe padija e atyre q\u00eb drejtojn\u00eb institucionet"},"content":{"rendered":"<p>Ministrja e Integrimit, Klajda Gjosha ka publikuar nj\u00eb status n\u00eb facebook largimet nga detyra t\u00eb disa punonj\u00ebsve t\u00eb administrat\u00ebs, largime q\u00eb sipas saj jan\u00eb b\u00ebr\u00eb n\u00eb shkelje t\u00eb plot\u00eb t\u00eb ligjeve t\u00eb vendit.<\/p>\n<p>Sipas Gjosh\u00ebs t\u00eb gjith\u00eb t\u00eb shkarkuarit duhet t\u00eb ishin njoftuar p\u00ebr procedurat e shkarkimit bazuar tek faktet, gj\u00eb q\u00eb nuk ka ndodhur.<\/p>\n<p>Gjosha thot\u00eb se ka bindjen se shumica e t\u00eb shkarkuarve do e fitojn\u00eb betej\u00ebn gjyq\u00ebsore dhe do marrin d\u00ebmshp\u00ebrblimin e merituar, q\u00eb do paguhet nga taksapaguesit shqiptar\u00eb.<\/p>\n<p>Nd\u00ebrsa thot\u00eb se ata po paguajn\u00eb inatet dhe marr\u00ebveshjet politike si dhe padijet e atyre q\u00eb drejtojn\u00eb institucionet tona.<\/p>\n<div id=\"fb-root\"><\/div>\n<p><script async=\"1\" defer=\"1\" crossorigin=\"anonymous\" src=\"https:\/\/connect.facebook.net\/de_DE\/sdk.js#xfbml=1&amp;version=v8.0\" nonce=\"whsNDkg0\"><\/script><\/p>\n<div class=\"fb-post\" data-href=\"https:\/\/www.facebook.com\/klajdagjoshaLSI\/posts\/639949052863221\" data-width=\"696\">\n<blockquote cite=\"https:\/\/www.facebook.com\/klajdagjoshaLSI\/posts\/639949052863221\" class=\"fb-xfbml-parse-ignore\">\n<p>Eshte per te ardhur keq qe nje reforme madhore  per procesin e integrimit europian te vendit, po zhbehet cdo sekonde&#8230;<\/p>\n<p>Gepostet von <a href=\"https:\/\/www.facebook.com\/klajdagjoshaLSI\/\">Klajda Gjosha<\/a> am&nbsp;<a href=\"https:\/\/www.facebook.com\/klajdagjoshaLSI\/posts\/639949052863221\">Samstag, 3. Juni 2017<\/a><\/p><\/blockquote>\n<\/div>","protected":false},"excerpt":{"rendered":"<p>Ministrja e Integrimit, Klajda Gjosha ka publikuar nj\u00eb status n\u00eb facebook largimet nga detyra t\u00eb disa punonj\u00ebsve t\u00eb administrat\u00ebs, largime q\u00eb sipas saj jan\u00eb b\u00ebr\u00eb n\u00eb shkelje t\u00eb plot\u00eb t\u00eb ligjeve t\u00eb vendit. Sipas Gjosh\u00ebs t\u00eb gjith\u00eb t\u00eb shkarkuarit duhet t\u00eb ishin njoftuar p\u00ebr procedurat e shkarkimit bazuar tek faktet, gj\u00eb q\u00eb nuk ka ndodhur. [&hellip;]<\/p>\n","protected":false},"author":2044,"featured_media":0,"comment_status":"closed","ping_status":"closed","sticky":false,"template":"","format":"standard","meta":{"footnotes":""},"categories":[198,241,231,235],"tags":[],"class_list":{"0":"post-35902","1":"post","2":"type-post","3":"status-publish","4":"format-standard","6":"category-360-grade","7":"category-aktualitet","8":"category-lajme","9":"category-vendi"},"_links":{"self":[{"href":"https:\/\/zjarr.tv\/en\/wp-json\/wp\/v2\/posts\/35902","targetHints":{"allow":["GET"]}}],"collection":[{"href":"https:\/\/zjarr.tv\/en\/wp-json\/wp\/v2\/posts"}],"about":[{"href":"https:\/\/zjarr.tv\/en\/wp-json\/wp\/v2\/types\/post"}],"author":[{"embeddable":true,"href":"https:\/\/zjarr.tv\/en\/wp-json\/wp\/v2\/users\/2044"}],"replies":[{"embeddable":true,"href":"https:\/\/zjarr.tv\/en\/wp-json\/wp\/v2\/comments?post=35902"}],"version-history":[{"count":0,"href":"https:\/\/zjarr.tv\/en\/wp-json\/wp\/v2\/posts\/35902\/revisions"}],"wp:attachment":[{"href":"https:\/\/zjarr.tv\/en\/wp-json\/wp\/v2\/media?parent=35902"}],"wp:term":[{"taxonomy":"category","embeddable":true,"href":"https:\/\/zjarr.tv\/en\/wp-json\/wp\/v2\/categories?post=35902"},{"taxonomy":"post_tag","embeddable":true,"href":"https:\/\/zjarr.tv\/en\/wp-json\/wp\/v2\/tags?post=35902"}],"curies":[{"name":"wp","href":"https:\/\/api.w.org\/{rel}","templated":true}]}}