{"id":35908,"date":"2017-06-03T21:13:59","date_gmt":"2017-06-03T19:13:59","guid":{"rendered":"http:\/\/zjarr.tv\/?p=35908"},"modified":"2017-06-03T21:13:59","modified_gmt":"2017-06-03T19:13:59","slug":"berisha-rama-smbajti-asnje-premtim-ne-permet-sot-u-tregonte-llogje-me-shofer","status":"publish","type":"post","link":"https:\/\/zjarr.tv\/en\/berisha-rama-smbajti-asnje-premtim-ne-permet-sot-u-tregonte-llogje-me-shofer\/","title":{"rendered":"Berisha: Rama s\u2019mbajti asnj\u00eb premtim n\u00eb P\u00ebrmet, sot u tregonte llogje me shofer\u2026"},"content":{"rendered":"<p>Ish-kryeministri Berisha ka publikuar nj\u00eb status n\u00eb facebook ku e akuzon Ram\u00ebn se \u00ebsht\u00eb tallur me mb\u00ebshtet\u00ebsit e tij n\u00eb P\u00ebrmet duke i g\u00ebnjyer dhe duke mos u th\u00ebn\u00eb asgj\u00eb p\u00ebr premtimet e pambajtura gjat\u00eb qeverisjes s\u00eb tij.<\/p>\n<p>Sipas Berish\u00ebs, Rama nuk u p\u00ebrgjigj p\u00ebr 300 mij\u00eb vendet e pun\u00ebs, p\u00ebr pensionet, p\u00ebr rrug\u00ebt e pab\u00ebra etj.<\/p>\n<div id=\"fb-root\"><\/div>\n<p><script async=\"1\" defer=\"1\" crossorigin=\"anonymous\" src=\"https:\/\/connect.facebook.net\/de_DE\/sdk.js#xfbml=1&amp;version=v8.0\" nonce=\"O7kD95qP\"><\/script><\/p>\n<div class=\"fb-post\" data-href=\"https:\/\/www.facebook.com\/SaliBerisha\/posts\/796904743803768:0\" data-width=\"696\">\n<blockquote cite=\"https:\/\/www.facebook.com\/SaliBerisha\/photos\/a.122461101248139\/796904743803768\/?type=3\" class=\"fb-xfbml-parse-ignore\">\n<p>Rama tallet me permetaret  e men\u00e7ur dhe punetore!Ai sot i la pa mend kur iu tha se:&quot;Energjia \u00ebsht\u00eb ulur p\u00ebr&#8230;<\/p>\n<p>Gepostet von <a href=\"https:\/\/www.facebook.com\/SaliBerisha\/\">Sali Berisha<\/a> am&nbsp;<a href=\"https:\/\/www.facebook.com\/SaliBerisha\/photos\/a.122461101248139\/796904743803768\/?type=3\">Samstag, 3. Juni 2017<\/a><\/p><\/blockquote>\n<\/div>","protected":false},"excerpt":{"rendered":"<p>Ish-kryeministri Berisha ka publikuar nj\u00eb status n\u00eb facebook ku e akuzon Ram\u00ebn se \u00ebsht\u00eb tallur me mb\u00ebshtet\u00ebsit e tij n\u00eb P\u00ebrmet duke i g\u00ebnjyer dhe duke mos u th\u00ebn\u00eb asgj\u00eb p\u00ebr premtimet e pambajtura gjat\u00eb qeverisjes s\u00eb tij. Sipas Berish\u00ebs, Rama nuk u p\u00ebrgjigj p\u00ebr 300 mij\u00eb vendet e pun\u00ebs, p\u00ebr pensionet, p\u00ebr rrug\u00ebt e [&hellip;]<\/p>\n","protected":false},"author":2044,"featured_media":0,"comment_status":"closed","ping_status":"closed","sticky":false,"template":"","format":"standard","meta":{"footnotes":""},"categories":[198,241,231,235],"tags":[],"class_list":{"0":"post-35908","1":"post","2":"type-post","3":"status-publish","4":"format-standard","6":"category-360-grade","7":"category-aktualitet","8":"category-lajme","9":"category-vendi"},"_links":{"self":[{"href":"https:\/\/zjarr.tv\/en\/wp-json\/wp\/v2\/posts\/35908","targetHints":{"allow":["GET"]}}],"collection":[{"href":"https:\/\/zjarr.tv\/en\/wp-json\/wp\/v2\/posts"}],"about":[{"href":"https:\/\/zjarr.tv\/en\/wp-json\/wp\/v2\/types\/post"}],"author":[{"embeddable":true,"href":"https:\/\/zjarr.tv\/en\/wp-json\/wp\/v2\/users\/2044"}],"replies":[{"embeddable":true,"href":"https:\/\/zjarr.tv\/en\/wp-json\/wp\/v2\/comments?post=35908"}],"version-history":[{"count":0,"href":"https:\/\/zjarr.tv\/en\/wp-json\/wp\/v2\/posts\/35908\/revisions"}],"wp:attachment":[{"href":"https:\/\/zjarr.tv\/en\/wp-json\/wp\/v2\/media?parent=35908"}],"wp:term":[{"taxonomy":"category","embeddable":true,"href":"https:\/\/zjarr.tv\/en\/wp-json\/wp\/v2\/categories?post=35908"},{"taxonomy":"post_tag","embeddable":true,"href":"https:\/\/zjarr.tv\/en\/wp-json\/wp\/v2\/tags?post=35908"}],"curies":[{"name":"wp","href":"https:\/\/api.w.org\/{rel}","templated":true}]}}