{"id":35943,"date":"2017-06-07T11:12:33","date_gmt":"2017-06-07T09:12:33","guid":{"rendered":"http:\/\/zjarr.tv\/?p=35943"},"modified":"2017-06-07T11:12:33","modified_gmt":"2017-06-07T09:12:33","slug":"tom-doshi-paraqitet-ne-prokurorine-e-pergjithshme","status":"publish","type":"post","link":"https:\/\/zjarr.tv\/en\/tom-doshi-paraqitet-ne-prokurorine-e-pergjithshme\/","title":{"rendered":"Tom Doshi paraqitet n\u00eb Prokurorin\u00eb e P\u00ebrgjithshme"},"content":{"rendered":"<p>Prokuroria pritet t\u2019i komunikoj\u00eb akuz\u00ebn deputetit Tom Doshi, i cili \u00ebsht\u00eb paraqitur sot n\u00eb P. P\u00ebrgjithshme.<\/p>\n<p>Dosja e tij\u00a0pritet t\u2019i kaloj\u00eb Gjykat\u00ebs s\u00eb Lart\u00eb.<\/p>\n<p>Deputeti \u00ebsht\u00eb n\u00ebn hetim me akuz\u00ebn p\u00ebr \u2018Deklarim t\u00eb rrem\u00eb t\u00eb pasuris\u00eb\u2019, nd\u00ebrsa hetimimi p\u00ebr Tom Doshin nisi pas nj\u00eb kallzimi t\u00eb ILDKP-s\u00eb.<\/p>\n<p>Tom Doshi \u00ebsht\u00eb kandidat p\u00ebr deputet i PSD-s\u00eb p\u00ebr qytetin e Shkodr\u00ebs.<\/p>","protected":false},"excerpt":{"rendered":"<p>Prokuroria pritet t\u2019i komunikoj\u00eb akuz\u00ebn deputetit Tom Doshi, i cili \u00ebsht\u00eb paraqitur sot n\u00eb P. P\u00ebrgjithshme. Dosja e tij\u00a0pritet t\u2019i kaloj\u00eb Gjykat\u00ebs s\u00eb Lart\u00eb. Deputeti \u00ebsht\u00eb n\u00ebn hetim me akuz\u00ebn p\u00ebr \u2018Deklarim t\u00eb rrem\u00eb t\u00eb pasuris\u00eb\u2019, nd\u00ebrsa hetimimi p\u00ebr Tom Doshin nisi pas nj\u00eb kallzimi t\u00eb ILDKP-s\u00eb. Tom Doshi \u00ebsht\u00eb kandidat p\u00ebr deputet i PSD-s\u00eb [&hellip;]<\/p>\n","protected":false},"author":2044,"featured_media":0,"comment_status":"closed","ping_status":"closed","sticky":false,"template":"","format":"standard","meta":{"footnotes":""},"categories":[198,241,231,235],"tags":[],"class_list":{"0":"post-35943","1":"post","2":"type-post","3":"status-publish","4":"format-standard","6":"category-360-grade","7":"category-aktualitet","8":"category-lajme","9":"category-vendi"},"_links":{"self":[{"href":"https:\/\/zjarr.tv\/en\/wp-json\/wp\/v2\/posts\/35943","targetHints":{"allow":["GET"]}}],"collection":[{"href":"https:\/\/zjarr.tv\/en\/wp-json\/wp\/v2\/posts"}],"about":[{"href":"https:\/\/zjarr.tv\/en\/wp-json\/wp\/v2\/types\/post"}],"author":[{"embeddable":true,"href":"https:\/\/zjarr.tv\/en\/wp-json\/wp\/v2\/users\/2044"}],"replies":[{"embeddable":true,"href":"https:\/\/zjarr.tv\/en\/wp-json\/wp\/v2\/comments?post=35943"}],"version-history":[{"count":0,"href":"https:\/\/zjarr.tv\/en\/wp-json\/wp\/v2\/posts\/35943\/revisions"}],"wp:attachment":[{"href":"https:\/\/zjarr.tv\/en\/wp-json\/wp\/v2\/media?parent=35943"}],"wp:term":[{"taxonomy":"category","embeddable":true,"href":"https:\/\/zjarr.tv\/en\/wp-json\/wp\/v2\/categories?post=35943"},{"taxonomy":"post_tag","embeddable":true,"href":"https:\/\/zjarr.tv\/en\/wp-json\/wp\/v2\/tags?post=35943"}],"curies":[{"name":"wp","href":"https:\/\/api.w.org\/{rel}","templated":true}]}}