{"id":36258,"date":"2017-06-16T18:54:31","date_gmt":"2017-06-16T16:54:31","guid":{"rendered":"http:\/\/zjarr.tv\/?p=36258"},"modified":"2017-06-16T18:54:31","modified_gmt":"2017-06-16T16:54:31","slug":"mori-pjese-ne-fushate-elektorale-shkarkohet-drejtori-i-spitalit-te-gjirokastres","status":"publish","type":"post","link":"https:\/\/zjarr.tv\/en\/mori-pjese-ne-fushate-elektorale-shkarkohet-drejtori-i-spitalit-te-gjirokastres\/","title":{"rendered":"Mori pjes\u00eb n\u00eb fushat\u00eb elektorale, shkarkohet Drejtori i Spitalit t\u00eb Gjirokastr\u00ebs"},"content":{"rendered":"<p>Ministri i Sh\u00ebndet\u00ebsis\u00eb Arben Beqiri, ka firmosur dit\u00ebn e sotme shkakrimin e Drejtorit t\u00eb Spitalit t\u00eb Gjirokastr\u00ebs, Krenar Kulla.<\/p>\n<p>Sipas burimeve mediatike thuhet se Motivacioni i shkakrimit t\u00eb Kull\u00ebs, ka qen\u00eb pjes\u00ebmarrja n\u00eb fushatat elektorale t\u00eb LSI-s\u00eb gjat\u00eb orarit t\u00eb pun\u00ebs.<\/p>\n<p>Po nga t\u00eb nj\u00ebjtat burime thuhet se Beqiri\u00a0ka em\u00ebruar n\u00eb vend t\u00eb tij kardiologun P\u00ebrparim Mu\u00e7o.<\/p>","protected":false},"excerpt":{"rendered":"<p>Ministri i Sh\u00ebndet\u00ebsis\u00eb Arben Beqiri, ka firmosur dit\u00ebn e sotme shkakrimin e Drejtorit t\u00eb Spitalit t\u00eb Gjirokastr\u00ebs, Krenar Kulla. Sipas burimeve mediatike thuhet se Motivacioni i shkakrimit t\u00eb Kull\u00ebs, ka qen\u00eb pjes\u00ebmarrja n\u00eb fushatat elektorale t\u00eb LSI-s\u00eb gjat\u00eb orarit t\u00eb pun\u00ebs. Po nga t\u00eb nj\u00ebjtat burime thuhet se Beqiri\u00a0ka em\u00ebruar n\u00eb vend t\u00eb tij kardiologun [&hellip;]<\/p>\n","protected":false},"author":2044,"featured_media":0,"comment_status":"closed","ping_status":"closed","sticky":false,"template":"","format":"standard","meta":{"footnotes":""},"categories":[198,241,231,235],"tags":[],"class_list":{"0":"post-36258","1":"post","2":"type-post","3":"status-publish","4":"format-standard","6":"category-360-grade","7":"category-aktualitet","8":"category-lajme","9":"category-vendi"},"_links":{"self":[{"href":"https:\/\/zjarr.tv\/en\/wp-json\/wp\/v2\/posts\/36258","targetHints":{"allow":["GET"]}}],"collection":[{"href":"https:\/\/zjarr.tv\/en\/wp-json\/wp\/v2\/posts"}],"about":[{"href":"https:\/\/zjarr.tv\/en\/wp-json\/wp\/v2\/types\/post"}],"author":[{"embeddable":true,"href":"https:\/\/zjarr.tv\/en\/wp-json\/wp\/v2\/users\/2044"}],"replies":[{"embeddable":true,"href":"https:\/\/zjarr.tv\/en\/wp-json\/wp\/v2\/comments?post=36258"}],"version-history":[{"count":0,"href":"https:\/\/zjarr.tv\/en\/wp-json\/wp\/v2\/posts\/36258\/revisions"}],"wp:attachment":[{"href":"https:\/\/zjarr.tv\/en\/wp-json\/wp\/v2\/media?parent=36258"}],"wp:term":[{"taxonomy":"category","embeddable":true,"href":"https:\/\/zjarr.tv\/en\/wp-json\/wp\/v2\/categories?post=36258"},{"taxonomy":"post_tag","embeddable":true,"href":"https:\/\/zjarr.tv\/en\/wp-json\/wp\/v2\/tags?post=36258"}],"curies":[{"name":"wp","href":"https:\/\/api.w.org\/{rel}","templated":true}]}}